{"id":2908,"date":"2026-08-27T16:12:34","date_gmt":"2026-08-27T16:12:34","guid":{"rendered":"https:\/\/gaeltachtaneachreidh.ie\/tearma-nua-ranganna-gaeilge-i-mbaile-chlair\/"},"modified":"2026-08-27T16:26:13","modified_gmt":"2026-08-27T16:26:13","slug":"new-term-of-irish-classes-claregalway","status":"publish","type":"post","link":"https:\/\/gaeltachtaneachreidh.ie\/en\/new-term-of-irish-classes-claregalway\/","title":{"rendered":"New term of Irish classes coming soon to Claregalway"},"content":{"rendered":"<p><strong><img fetchpriority=\"high\" decoding=\"async\" class=\"alignnone size-medium wp-image-2899\" src=\"https:\/\/gaeltachtaneachreidh.ie\/wp-content\/uploads\/2026\/08\/intermediates-600x540.jpeg\" alt=\"\" width=\"600\" height=\"540\" \/><\/strong><\/p>\n<p>A new eight-week term of Irish classes for adults is set to begin at The Arches Hotel, Claregalway, from Tuesday, September 29, next.<\/p>\n<p>Using the same format as last year, there will be two levels of classes at The Arches Hotel over the eight-week term.<\/p>\n<p>A fully qualified primary school teacher, Katie Ni Dhonnabh\u00e1in, will take charge of the classes in which there will be an emphasis on conversation and fun.<\/p>\n<p>Spaces are strictly limited and tickets will go on sale on our Eventbrite page next month. The cost is just \u20ac70 for eight one-hour lessons.<\/p>\n<p>We will be taking a one week break for Halloween on October 27 and the term is due to conclude on November 24. As we did last year, we hope to return for follow-up terms after the Christmas and Easter school holidays.<\/p>\n<p>If you are a complete beginner, or have not spoken a word of Irish since school, you are encouraged to take the lower level class from 7 to 8pm. Katie, who teaches in the Gaelscoil in Annaghdown, will teach students basic conversational phrases with an emphasis on communication, group work, and having fun.<\/p>\n<p>Students who believe they are at the Intermediate (B1) level are encouraged to join the second class from 8.15 to 9.15pm. If you understand \u2018Ros na R\u00fan\u2019 or match commentaries on TG4, but are maybe a bit \u201crusty\u201d, then this is the class for you.<\/p>\n<p>Gaeltacht an Eachreidh strongly urges you to check out your level of Irish online before people begin the process of registering for one of the classes. Gaelchult\u00far have a brilliant online level test which is easy to use and takes about 10 to 20 minutes to complete:\u00a0<a href=\"https:\/\/www.gaelchultur.com\/en\/assessment\">https:\/\/www.gaelchultur.com\/en\/assessment<\/a><\/p>\n<p>It is worth doing the level test to work out which is the best class for you.<\/p>\n<p>The Beginners\u2019 class (A1 and A2, 7 to 8pm) is for those who have very little or no Irish, feel they are very \u201crusty\u201d, or only remember a few words or phrases from school. It is not for people who have never studied any Irish before.<\/p>\n<p>The Intermediate class (B1, 8.15 to 9.15pm) is for those who can communicate in basic Irish, are able to greet people, introduce themselves, or talk about their lives and families.<\/p>\n<p>The Arches Hotel has been the location of our weekly \u2018ciorcal comhr\u00e1\u2019 in Claregalway since February of last year, regularly hosting our classes and events, and we are delighted to be extending our friendship with this family-run business which has been at the heart of the Irish speaking community in Gaeltacht an Eachr\u00e9idh for generations.<\/p>\n<p>Please note that you will have to pay the \u20ac70 for the eight-week term in advance on our Eventbrite page and it will be much better for you and everyone else if you complete the level test before registering. There will be a maximum of just 14 students in each class.<\/p>\n<p>Tickets will go on sale in early September.<\/p>\n<p>Both of these classes sold out in advance in October of last year and again in January, when a crew from Nuacht TG4 even came to The Arches to find out why Irish has become so \u201ctrendy\u201d in Claregalway!<\/p>\n<p>If you want to stay informed about these classes and book a place as soon as the tickets become available, please register for our monthly newsletter at the QR code below. We will have the link for booking our Irish classes in the next edition of the newsletter which is due out in early September.<\/p>\n<p>&nbsp;<\/p>\n<p><img decoding=\"async\" class=\"alignnone size-medium wp-image-2901 lazyload\" data-src=\"https:\/\/gaeltachtaneachreidh.ie\/wp-content\/uploads\/2026\/08\/stiofanagallamh-600x540.jpg\" alt=\"\" width=\"600\" height=\"540\" src=\"data:image\/svg+xml;base64,PHN2ZyB3aWR0aD0iMSIgaGVpZ2h0PSIxIiB4bWxucz0iaHR0cDovL3d3dy53My5vcmcvMjAwMC9zdmciPjwvc3ZnPg==\" style=\"--smush-placeholder-width: 600px; --smush-placeholder-aspect-ratio: 600\/540;\" \/><\/p>\n<p><img decoding=\"async\" class=\"alignnone size-medium wp-image-2903 lazyload\" data-src=\"https:\/\/gaeltachtaneachreidh.ie\/wp-content\/uploads\/2026\/08\/mairerang-600x540.jpg\" alt=\"\" width=\"600\" height=\"540\" src=\"data:image\/svg+xml;base64,PHN2ZyB3aWR0aD0iMSIgaGVpZ2h0PSIxIiB4bWxucz0iaHR0cDovL3d3dy53My5vcmcvMjAwMC9zdmciPjwvc3ZnPg==\" style=\"--smush-placeholder-width: 600px; --smush-placeholder-aspect-ratio: 600\/540;\" \/><\/p>\n<p><img decoding=\"async\" class=\"alignnone size-medium wp-image-2905 lazyload\" data-src=\"https:\/\/gaeltachtaneachreidh.ie\/wp-content\/uploads\/2026\/08\/NuachtlitirQR.jpg-600x540.png\" alt=\"\" width=\"600\" height=\"540\" src=\"data:image\/svg+xml;base64,PHN2ZyB3aWR0aD0iMSIgaGVpZ2h0PSIxIiB4bWxucz0iaHR0cDovL3d3dy53My5vcmcvMjAwMC9zdmciPjwvc3ZnPg==\" style=\"--smush-placeholder-width: 600px; --smush-placeholder-aspect-ratio: 600\/540;\" \/><\/p>\n","protected":false},"excerpt":{"rendered":"<p>A new eight-week term of Irish classes for adults is set to begin at The Arches Hotel, Claregalway, from Tuesday, September 29, next. Using the same format as last year, [&hellip;]<\/p>\n","protected":false},"author":3,"featured_media":2904,"comment_status":"closed","ping_status":"open","sticky":false,"template":"","format":"standard","meta":{"footnotes":""},"categories":[118,120],"tags":[132,134,143,230,436,231,224],"class_list":["post-2908","post","type-post","status-publish","format-standard","has-post-thumbnail","hentry","category-events-blog","category-news","tag-baile-chlair-en","tag-claregalway-en","tag-gaeltacht-an-eachreidh-en","tag-irish-classes-en","tag-ostan-na-nairsi","tag-ranganna-gaeilge","tag-the-arches-hotel-en"],"yoast_head":"<!-- This site is optimized with the Yoast SEO plugin v28.4 - https:\/\/yoast.com\/product\/yoast-seo-wordpress\/ -->\n<title>New term of Irish classes coming soon to Claregalway - Gaeltacht an Eachr\u00e9idh<\/title>\n<meta name=\"robots\" content=\"index, follow, max-snippet:-1, max-image-preview:large, max-video-preview:-1\" \/>\n<link rel=\"canonical\" href=\"https:\/\/gaeltachtaneachreidh.ie\/en\/new-term-of-irish-classes-claregalway\/\" \/>\n<meta property=\"og:locale\" content=\"en_US\" \/>\n<meta property=\"og:type\" content=\"article\" \/>\n<meta property=\"og:title\" content=\"New term of Irish classes coming soon to Claregalway - Gaeltacht an Eachr\u00e9idh\" \/>\n<meta property=\"og:description\" content=\"A new eight-week term of Irish classes for adults is set to begin at The Arches Hotel, Claregalway, from Tuesday, September 29, next. Using the same format as last year, [&hellip;]\" \/>\n<meta property=\"og:url\" content=\"https:\/\/gaeltachtaneachreidh.ie\/en\/new-term-of-irish-classes-claregalway\/\" \/>\n<meta property=\"og:site_name\" content=\"Gaeltacht an Eachr\u00e9idh\" \/>\n<meta property=\"article:publisher\" content=\"https:\/\/www.facebook.com\/gaeltachtaneachreidh\" \/>\n<meta property=\"article:published_time\" content=\"2026-08-27T16:12:34+00:00\" \/>\n<meta property=\"article:modified_time\" content=\"2026-08-27T16:26:13+00:00\" \/>\n<meta property=\"og:image\" content=\"https:\/\/gaeltachtaneachreidh.ie\/wp-content\/uploads\/2026\/08\/mairerang.jpg\" \/>\n\t<meta property=\"og:image:width\" content=\"2040\" \/>\n\t<meta property=\"og:image:height\" content=\"1530\" \/>\n\t<meta property=\"og:image:type\" content=\"image\/jpeg\" \/>\n<meta name=\"author\" content=\"c t\" \/>\n<meta name=\"twitter:card\" content=\"summary_large_image\" \/>\n<meta name=\"twitter:creator\" content=\"@AnEachreidh\" \/>\n<meta name=\"twitter:site\" content=\"@AnEachreidh\" \/>\n<meta name=\"twitter:label1\" content=\"Written by\" \/>\n\t<meta name=\"twitter:data1\" content=\"c t\" \/>\n\t<meta name=\"twitter:label2\" content=\"Est. reading time\" \/>\n\t<meta name=\"twitter:data2\" content=\"5 minutes\" \/>\n<script type=\"application\/ld+json\" class=\"yoast-schema-graph\">{\"@context\":\"https:\\\/\\\/schema.org\",\"@graph\":[{\"@type\":\"Article\",\"@id\":\"https:\\\/\\\/gaeltachtaneachreidh.ie\\\/en\\\/new-term-of-irish-classes-claregalway\\\/#article\",\"isPartOf\":{\"@id\":\"https:\\\/\\\/gaeltachtaneachreidh.ie\\\/en\\\/new-term-of-irish-classes-claregalway\\\/\"},\"author\":{\"name\":\"c t\",\"@id\":\"https:\\\/\\\/gaeltachtaneachreidh.ie\\\/#\\\/schema\\\/person\\\/c1bd3579cbdf6961e7b4585a32e8fde3\"},\"headline\":\"New term of Irish classes coming soon to Claregalway\",\"datePublished\":\"2026-08-27T16:12:34+00:00\",\"dateModified\":\"2026-08-27T16:26:13+00:00\",\"mainEntityOfPage\":{\"@id\":\"https:\\\/\\\/gaeltachtaneachreidh.ie\\\/en\\\/new-term-of-irish-classes-claregalway\\\/\"},\"wordCount\":592,\"publisher\":{\"@id\":\"https:\\\/\\\/gaeltachtaneachreidh.ie\\\/#organization\"},\"image\":{\"@id\":\"https:\\\/\\\/gaeltachtaneachreidh.ie\\\/en\\\/new-term-of-irish-classes-claregalway\\\/#primaryimage\"},\"thumbnailUrl\":\"https:\\\/\\\/gaeltachtaneachreidh.ie\\\/wp-content\\\/uploads\\\/2026\\\/08\\\/mairerang.jpg\",\"keywords\":[\"Baile Chl\u00e1ir\",\"Claregalway\",\"Gaeltacht an Eachreidh\",\"Irish classes\",\"\u00d3st\u00e1n na nAirs\u00ed\",\"ranganna Gaeilge\",\"The Arches Hotel\"],\"articleSection\":[\"Events\",\"News\"],\"inLanguage\":\"en-US\"},{\"@type\":\"WebPage\",\"@id\":\"https:\\\/\\\/gaeltachtaneachreidh.ie\\\/en\\\/new-term-of-irish-classes-claregalway\\\/\",\"url\":\"https:\\\/\\\/gaeltachtaneachreidh.ie\\\/en\\\/new-term-of-irish-classes-claregalway\\\/\",\"name\":\"New term of Irish classes coming soon to Claregalway - Gaeltacht an Eachr\u00e9idh\",\"isPartOf\":{\"@id\":\"https:\\\/\\\/gaeltachtaneachreidh.ie\\\/#website\"},\"primaryImageOfPage\":{\"@id\":\"https:\\\/\\\/gaeltachtaneachreidh.ie\\\/en\\\/new-term-of-irish-classes-claregalway\\\/#primaryimage\"},\"image\":{\"@id\":\"https:\\\/\\\/gaeltachtaneachreidh.ie\\\/en\\\/new-term-of-irish-classes-claregalway\\\/#primaryimage\"},\"thumbnailUrl\":\"https:\\\/\\\/gaeltachtaneachreidh.ie\\\/wp-content\\\/uploads\\\/2026\\\/08\\\/mairerang.jpg\",\"datePublished\":\"2026-08-27T16:12:34+00:00\",\"dateModified\":\"2026-08-27T16:26:13+00:00\",\"breadcrumb\":{\"@id\":\"https:\\\/\\\/gaeltachtaneachreidh.ie\\\/en\\\/new-term-of-irish-classes-claregalway\\\/#breadcrumb\"},\"inLanguage\":\"en-US\",\"potentialAction\":[{\"@type\":\"ReadAction\",\"target\":[\"https:\\\/\\\/gaeltachtaneachreidh.ie\\\/en\\\/new-term-of-irish-classes-claregalway\\\/\"]}]},{\"@type\":\"ImageObject\",\"inLanguage\":\"en-US\",\"@id\":\"https:\\\/\\\/gaeltachtaneachreidh.ie\\\/en\\\/new-term-of-irish-classes-claregalway\\\/#primaryimage\",\"url\":\"https:\\\/\\\/gaeltachtaneachreidh.ie\\\/wp-content\\\/uploads\\\/2026\\\/08\\\/mairerang.jpg\",\"contentUrl\":\"https:\\\/\\\/gaeltachtaneachreidh.ie\\\/wp-content\\\/uploads\\\/2026\\\/08\\\/mairerang.jpg\",\"width\":2040,\"height\":1530},{\"@type\":\"BreadcrumbList\",\"@id\":\"https:\\\/\\\/gaeltachtaneachreidh.ie\\\/en\\\/new-term-of-irish-classes-claregalway\\\/#breadcrumb\",\"itemListElement\":[{\"@type\":\"ListItem\",\"position\":1,\"name\":\"Home\",\"item\":\"https:\\\/\\\/gaeltachtaneachreidh.ie\\\/en\\\/\"},{\"@type\":\"ListItem\",\"position\":2,\"name\":\"New term of Irish classes coming soon to Claregalway\"}]},{\"@type\":\"WebSite\",\"@id\":\"https:\\\/\\\/gaeltachtaneachreidh.ie\\\/#website\",\"url\":\"https:\\\/\\\/gaeltachtaneachreidh.ie\\\/\",\"name\":\"Gaeltacht U\u00ed Each\u00e9idh\",\"description\":\"Limist\u00e9ar Plean\u00e1la Teanga Gaeltacht an Eachr\u00e9idh\",\"publisher\":{\"@id\":\"https:\\\/\\\/gaeltachtaneachreidh.ie\\\/#organization\"},\"potentialAction\":[{\"@type\":\"SearchAction\",\"target\":{\"@type\":\"EntryPoint\",\"urlTemplate\":\"https:\\\/\\\/gaeltachtaneachreidh.ie\\\/?s={search_term_string}\"},\"query-input\":{\"@type\":\"PropertyValueSpecification\",\"valueRequired\":true,\"valueName\":\"search_term_string\"}}],\"inLanguage\":\"en-US\"},{\"@type\":\"Organization\",\"@id\":\"https:\\\/\\\/gaeltachtaneachreidh.ie\\\/#organization\",\"name\":\"Gaeltacht U\u00ed Each\u00e9idh\",\"url\":\"https:\\\/\\\/gaeltachtaneachreidh.ie\\\/\",\"logo\":{\"@type\":\"ImageObject\",\"inLanguage\":\"en-US\",\"@id\":\"https:\\\/\\\/gaeltachtaneachreidh.ie\\\/#\\\/schema\\\/logo\\\/image\\\/\",\"url\":\"https:\\\/\\\/gaeltachtaneachreidh.ie\\\/wp-content\\\/uploads\\\/2022\\\/12\\\/GaeltachtanEachreidh-logo-retina.png\",\"contentUrl\":\"https:\\\/\\\/gaeltachtaneachreidh.ie\\\/wp-content\\\/uploads\\\/2022\\\/12\\\/GaeltachtanEachreidh-logo-retina.png\",\"width\":718,\"height\":200,\"caption\":\"Gaeltacht U\u00ed Each\u00e9idh\"},\"image\":{\"@id\":\"https:\\\/\\\/gaeltachtaneachreidh.ie\\\/#\\\/schema\\\/logo\\\/image\\\/\"},\"sameAs\":[\"https:\\\/\\\/www.facebook.com\\\/gaeltachtaneachreidh\",\"https:\\\/\\\/x.com\\\/AnEachreidh\",\"https:\\\/\\\/www.instagram.com\\\/gaeltachtaneachreidh\\\/\",\"https:\\\/\\\/www.youtube.com\\\/@GaeltachtanEachridh-f6z\"]},{\"@type\":\"Person\",\"@id\":\"https:\\\/\\\/gaeltachtaneachreidh.ie\\\/#\\\/schema\\\/person\\\/c1bd3579cbdf6961e7b4585a32e8fde3\",\"name\":\"c t\",\"image\":{\"@type\":\"ImageObject\",\"inLanguage\":\"en-US\",\"@id\":\"https:\\\/\\\/secure.gravatar.com\\\/avatar\\\/45587ab269f201f578a52ed70dcf2cf79bbec95a18732f3824f1c97e010357a7?s=96&d=mm&r=g\",\"url\":\"https:\\\/\\\/secure.gravatar.com\\\/avatar\\\/45587ab269f201f578a52ed70dcf2cf79bbec95a18732f3824f1c97e010357a7?s=96&d=mm&r=g\",\"contentUrl\":\"https:\\\/\\\/secure.gravatar.com\\\/avatar\\\/45587ab269f201f578a52ed70dcf2cf79bbec95a18732f3824f1c97e010357a7?s=96&d=mm&r=g\",\"caption\":\"c t\"},\"url\":\"https:\\\/\\\/gaeltachtaneachreidh.ie\\\/en\\\/author\\\/admingae\\\/\"}]}<\/script>\n<!-- \/ Yoast SEO plugin. -->","yoast_head_json":{"title":"New term of Irish classes coming soon to Claregalway - Gaeltacht an Eachr\u00e9idh","robots":{"index":"index","follow":"follow","max-snippet":"max-snippet:-1","max-image-preview":"max-image-preview:large","max-video-preview":"max-video-preview:-1"},"canonical":"https:\/\/gaeltachtaneachreidh.ie\/en\/new-term-of-irish-classes-claregalway\/","og_locale":"en_US","og_type":"article","og_title":"New term of Irish classes coming soon to Claregalway - Gaeltacht an Eachr\u00e9idh","og_description":"A new eight-week term of Irish classes for adults is set to begin at The Arches Hotel, Claregalway, from Tuesday, September 29, next. Using the same format as last year, [&hellip;]","og_url":"https:\/\/gaeltachtaneachreidh.ie\/en\/new-term-of-irish-classes-claregalway\/","og_site_name":"Gaeltacht an Eachr\u00e9idh","article_publisher":"https:\/\/www.facebook.com\/gaeltachtaneachreidh","article_published_time":"2026-08-27T16:12:34+00:00","article_modified_time":"2026-08-27T16:26:13+00:00","og_image":[{"width":2040,"height":1530,"url":"https:\/\/gaeltachtaneachreidh.ie\/wp-content\/uploads\/2026\/08\/mairerang.jpg","type":"image\/jpeg"}],"author":"c t","twitter_card":"summary_large_image","twitter_creator":"@AnEachreidh","twitter_site":"@AnEachreidh","twitter_misc":{"Written by":"c t","Est. reading time":"5 minutes"},"schema":{"@context":"https:\/\/schema.org","@graph":[{"@type":"Article","@id":"https:\/\/gaeltachtaneachreidh.ie\/en\/new-term-of-irish-classes-claregalway\/#article","isPartOf":{"@id":"https:\/\/gaeltachtaneachreidh.ie\/en\/new-term-of-irish-classes-claregalway\/"},"author":{"name":"c t","@id":"https:\/\/gaeltachtaneachreidh.ie\/#\/schema\/person\/c1bd3579cbdf6961e7b4585a32e8fde3"},"headline":"New term of Irish classes coming soon to Claregalway","datePublished":"2026-08-27T16:12:34+00:00","dateModified":"2026-08-27T16:26:13+00:00","mainEntityOfPage":{"@id":"https:\/\/gaeltachtaneachreidh.ie\/en\/new-term-of-irish-classes-claregalway\/"},"wordCount":592,"publisher":{"@id":"https:\/\/gaeltachtaneachreidh.ie\/#organization"},"image":{"@id":"https:\/\/gaeltachtaneachreidh.ie\/en\/new-term-of-irish-classes-claregalway\/#primaryimage"},"thumbnailUrl":"https:\/\/gaeltachtaneachreidh.ie\/wp-content\/uploads\/2026\/08\/mairerang.jpg","keywords":["Baile Chl\u00e1ir","Claregalway","Gaeltacht an Eachreidh","Irish classes","\u00d3st\u00e1n na nAirs\u00ed","ranganna Gaeilge","The Arches Hotel"],"articleSection":["Events","News"],"inLanguage":"en-US"},{"@type":"WebPage","@id":"https:\/\/gaeltachtaneachreidh.ie\/en\/new-term-of-irish-classes-claregalway\/","url":"https:\/\/gaeltachtaneachreidh.ie\/en\/new-term-of-irish-classes-claregalway\/","name":"New term of Irish classes coming soon to Claregalway - Gaeltacht an Eachr\u00e9idh","isPartOf":{"@id":"https:\/\/gaeltachtaneachreidh.ie\/#website"},"primaryImageOfPage":{"@id":"https:\/\/gaeltachtaneachreidh.ie\/en\/new-term-of-irish-classes-claregalway\/#primaryimage"},"image":{"@id":"https:\/\/gaeltachtaneachreidh.ie\/en\/new-term-of-irish-classes-claregalway\/#primaryimage"},"thumbnailUrl":"https:\/\/gaeltachtaneachreidh.ie\/wp-content\/uploads\/2026\/08\/mairerang.jpg","datePublished":"2026-08-27T16:12:34+00:00","dateModified":"2026-08-27T16:26:13+00:00","breadcrumb":{"@id":"https:\/\/gaeltachtaneachreidh.ie\/en\/new-term-of-irish-classes-claregalway\/#breadcrumb"},"inLanguage":"en-US","potentialAction":[{"@type":"ReadAction","target":["https:\/\/gaeltachtaneachreidh.ie\/en\/new-term-of-irish-classes-claregalway\/"]}]},{"@type":"ImageObject","inLanguage":"en-US","@id":"https:\/\/gaeltachtaneachreidh.ie\/en\/new-term-of-irish-classes-claregalway\/#primaryimage","url":"https:\/\/gaeltachtaneachreidh.ie\/wp-content\/uploads\/2026\/08\/mairerang.jpg","contentUrl":"https:\/\/gaeltachtaneachreidh.ie\/wp-content\/uploads\/2026\/08\/mairerang.jpg","width":2040,"height":1530},{"@type":"BreadcrumbList","@id":"https:\/\/gaeltachtaneachreidh.ie\/en\/new-term-of-irish-classes-claregalway\/#breadcrumb","itemListElement":[{"@type":"ListItem","position":1,"name":"Home","item":"https:\/\/gaeltachtaneachreidh.ie\/en\/"},{"@type":"ListItem","position":2,"name":"New term of Irish classes coming soon to Claregalway"}]},{"@type":"WebSite","@id":"https:\/\/gaeltachtaneachreidh.ie\/#website","url":"https:\/\/gaeltachtaneachreidh.ie\/","name":"Gaeltacht U\u00ed Each\u00e9idh","description":"Limist\u00e9ar Plean\u00e1la Teanga Gaeltacht an Eachr\u00e9idh","publisher":{"@id":"https:\/\/gaeltachtaneachreidh.ie\/#organization"},"potentialAction":[{"@type":"SearchAction","target":{"@type":"EntryPoint","urlTemplate":"https:\/\/gaeltachtaneachreidh.ie\/?s={search_term_string}"},"query-input":{"@type":"PropertyValueSpecification","valueRequired":true,"valueName":"search_term_string"}}],"inLanguage":"en-US"},{"@type":"Organization","@id":"https:\/\/gaeltachtaneachreidh.ie\/#organization","name":"Gaeltacht U\u00ed Each\u00e9idh","url":"https:\/\/gaeltachtaneachreidh.ie\/","logo":{"@type":"ImageObject","inLanguage":"en-US","@id":"https:\/\/gaeltachtaneachreidh.ie\/#\/schema\/logo\/image\/","url":"https:\/\/gaeltachtaneachreidh.ie\/wp-content\/uploads\/2022\/12\/GaeltachtanEachreidh-logo-retina.png","contentUrl":"https:\/\/gaeltachtaneachreidh.ie\/wp-content\/uploads\/2022\/12\/GaeltachtanEachreidh-logo-retina.png","width":718,"height":200,"caption":"Gaeltacht U\u00ed Each\u00e9idh"},"image":{"@id":"https:\/\/gaeltachtaneachreidh.ie\/#\/schema\/logo\/image\/"},"sameAs":["https:\/\/www.facebook.com\/gaeltachtaneachreidh","https:\/\/x.com\/AnEachreidh","https:\/\/www.instagram.com\/gaeltachtaneachreidh\/","https:\/\/www.youtube.com\/@GaeltachtanEachridh-f6z"]},{"@type":"Person","@id":"https:\/\/gaeltachtaneachreidh.ie\/#\/schema\/person\/c1bd3579cbdf6961e7b4585a32e8fde3","name":"c t","image":{"@type":"ImageObject","inLanguage":"en-US","@id":"https:\/\/secure.gravatar.com\/avatar\/45587ab269f201f578a52ed70dcf2cf79bbec95a18732f3824f1c97e010357a7?s=96&d=mm&r=g","url":"https:\/\/secure.gravatar.com\/avatar\/45587ab269f201f578a52ed70dcf2cf79bbec95a18732f3824f1c97e010357a7?s=96&d=mm&r=g","contentUrl":"https:\/\/secure.gravatar.com\/avatar\/45587ab269f201f578a52ed70dcf2cf79bbec95a18732f3824f1c97e010357a7?s=96&d=mm&r=g","caption":"c t"},"url":"https:\/\/gaeltachtaneachreidh.ie\/en\/author\/admingae\/"}]}},"_links":{"self":[{"href":"https:\/\/gaeltachtaneachreidh.ie\/en\/wp-json\/wp\/v2\/posts\/2908","targetHints":{"allow":["GET"]}}],"collection":[{"href":"https:\/\/gaeltachtaneachreidh.ie\/en\/wp-json\/wp\/v2\/posts"}],"about":[{"href":"https:\/\/gaeltachtaneachreidh.ie\/en\/wp-json\/wp\/v2\/types\/post"}],"author":[{"embeddable":true,"href":"https:\/\/gaeltachtaneachreidh.ie\/en\/wp-json\/wp\/v2\/users\/3"}],"replies":[{"embeddable":true,"href":"https:\/\/gaeltachtaneachreidh.ie\/en\/wp-json\/wp\/v2\/comments?post=2908"}],"version-history":[{"count":2,"href":"https:\/\/gaeltachtaneachreidh.ie\/en\/wp-json\/wp\/v2\/posts\/2908\/revisions"}],"predecessor-version":[{"id":2910,"href":"https:\/\/gaeltachtaneachreidh.ie\/en\/wp-json\/wp\/v2\/posts\/2908\/revisions\/2910"}],"wp:featuredmedia":[{"embeddable":true,"href":"https:\/\/gaeltachtaneachreidh.ie\/en\/wp-json\/wp\/v2\/media\/2904"}],"wp:attachment":[{"href":"https:\/\/gaeltachtaneachreidh.ie\/en\/wp-json\/wp\/v2\/media?parent=2908"}],"wp:term":[{"taxonomy":"category","embeddable":true,"href":"https:\/\/gaeltachtaneachreidh.ie\/en\/wp-json\/wp\/v2\/categories?post=2908"},{"taxonomy":"post_tag","embeddable":true,"href":"https:\/\/gaeltachtaneachreidh.ie\/en\/wp-json\/wp\/v2\/tags?post=2908"}],"curies":[{"name":"wp","href":"https:\/\/api.w.org\/{rel}","templated":true}]}}