{"id":2888,"date":"2026-08-25T10:34:02","date_gmt":"2026-08-25T10:34:02","guid":{"rendered":"https:\/\/gaeltachtaneachreidh.ie\/diolann-dha-imeacht-amach-roimh-re\/"},"modified":"2026-08-25T10:38:38","modified_gmt":"2026-08-25T10:38:38","slug":"two-events-sell-out-this-weekend","status":"publish","type":"post","link":"https:\/\/gaeltachtaneachreidh.ie\/en\/two-events-sell-out-this-weekend\/","title":{"rendered":"Two events sell out this weekend"},"content":{"rendered":"<div id=\"attachment_2879\" style=\"width: 610px\" class=\"wp-caption alignnone\"><img fetchpriority=\"high\" decoding=\"async\" aria-describedby=\"caption-attachment-2879\" class=\"wp-image-2879 size-medium\" src=\"https:\/\/gaeltachtaneachreidh.ie\/wp-content\/uploads\/2026\/08\/ogmagrupa-600x540.jpg\" alt=\"\" width=\"600\" height=\"540\" \/><p id=\"caption-attachment-2879\" class=\"wp-caption-text\">The traditional music group Ogma will be perform at the sold out BBQ at The Arches Hotel on Saturday.<\/p><\/div>\n<p>Two events which Gaeltacht an Eachr\u00e9idh have organised for this weekend, a sauna in Annaghdown and a BBQ in Claregalway, have both sold out in advance.<\/p>\n<p>There were 50 tickets available for the \u2018BBQ an tSamhraidh\u2019 at The Arches Hotel on Saturday, August 29 (7 to 9pm), and they were all sold out by Monday morning.<\/p>\n<p>Gaeltacht an Eachr\u00e9idh have enjoyed a rich variety of activities during the summer, including trips to Connemara, the Aran Islands, and East Galway, and this is a chance to enjoy a social night out before the return to school, conversation circles, and Irish classes!<\/p>\n<p>The traditional music group Ogma will provide musical entertainment on the evening, while local musicians and singers are invited to bring along their instruments and join the informal session after their two-hour set.<\/p>\n<p>Tickets for the first ever \u2018Sauna le Gaeilge\u2019 at Annaghdown pier sold out within just three hours of going on sale last week.<\/p>\n<p>Gaeltacht an Eachr\u00e9idh has teamed up with Foll\u00e1ine Sauna, based at Annaghdown Pier, to offer a special discounted rate to Gaeilgeoirs who wanted them to join them for a session in their native langauge at the sauna on Thursday, August 27 (7pm).<\/p>\n<p>Ciaran Tierney, the Language Planning Officer for Gaeltacht an Eachr\u00e9idh, said he could not believe the event at Foll\u00e1ine Sauna\u2019s new 12 seater barrel sauna sold out just three hours after they went on sale.<\/p>\n<p>\u201cIt is clear from the demand for both events that there is an appetite for Irish language events to the east of the River Corrib,\u201d said Ciaran. \u201cThe huge demand for the Annaghdown event will have to inspire us to put on another \u2018Sauna le Gaeilge\u2019 again in the near future. Thanks to everyone who bought a ticket almost as soon as they went on sale.<\/p>\n<p>\u201cAnd it will be lovely to see a full house at The Arches on Saturday evening, particularly as we are just about to announce a new term of Irish classes at The Arches which begins on September 29.\u201d<\/p>\n<p>Clearly, Irish is &#8220;buzzing&#8221; east of the Corrib!<\/p>\n<div id=\"attachment_2881\" style=\"width: 610px\" class=\"wp-caption alignnone\"><img decoding=\"async\" aria-describedby=\"caption-attachment-2881\" class=\"wp-image-2881 size-medium lazyload\" data-src=\"https:\/\/gaeltachtaneachreidh.ie\/wp-content\/uploads\/2026\/08\/hubertceol-1.jpg-1-600x540.jpg\" alt=\"\" width=\"600\" height=\"540\" src=\"data:image\/svg+xml;base64,PHN2ZyB3aWR0aD0iMSIgaGVpZ2h0PSIxIiB4bWxucz0iaHR0cDovL3d3dy53My5vcmcvMjAwMC9zdmciPjwvc3ZnPg==\" style=\"--smush-placeholder-width: 600px; --smush-placeholder-aspect-ratio: 600\/540;\" \/><p id=\"caption-attachment-2881\" class=\"wp-caption-text\">Musicians performing at our summer barbecue last year.<\/p><\/div>\n<p><img decoding=\"async\" class=\"alignnone size-medium wp-image-2883 lazyload\" data-src=\"https:\/\/gaeltachtaneachreidh.ie\/wp-content\/uploads\/2026\/08\/BBQ-an-tsamhraidh-diolta-amach-600x540.jpg\" alt=\"\" width=\"600\" height=\"540\" src=\"data:image\/svg+xml;base64,PHN2ZyB3aWR0aD0iMSIgaGVpZ2h0PSIxIiB4bWxucz0iaHR0cDovL3d3dy53My5vcmcvMjAwMC9zdmciPjwvc3ZnPg==\" style=\"--smush-placeholder-width: 600px; --smush-placeholder-aspect-ratio: 600\/540;\" \/><\/p>\n<p><img decoding=\"async\" class=\"alignnone size-medium wp-image-2885 lazyload\" data-src=\"https:\/\/gaeltachtaneachreidh.ie\/wp-content\/uploads\/2026\/08\/sauna-diolta-amach-600x540.jpg\" alt=\"\" width=\"600\" height=\"540\" src=\"data:image\/svg+xml;base64,PHN2ZyB3aWR0aD0iMSIgaGVpZ2h0PSIxIiB4bWxucz0iaHR0cDovL3d3dy53My5vcmcvMjAwMC9zdmciPjwvc3ZnPg==\" style=\"--smush-placeholder-width: 600px; --smush-placeholder-aspect-ratio: 600\/540;\" \/><\/p>\n","protected":false},"excerpt":{"rendered":"<p>Two events which Gaeltacht an Eachr\u00e9idh have organised for this weekend, a sauna in Annaghdown and a BBQ in Claregalway, have both sold out in advance. There were 50 tickets [&hellip;]<\/p>\n","protected":false},"author":3,"featured_media":2884,"comment_status":"closed","ping_status":"open","sticky":false,"template":"","format":"standard","meta":{"footnotes":""},"categories":[120],"tags":[],"class_list":["post-2888","post","type-post","status-publish","format-standard","has-post-thumbnail","hentry","category-news"],"yoast_head":"<!-- This site is optimized with the Yoast SEO plugin v28.4 - https:\/\/yoast.com\/product\/yoast-seo-wordpress\/ -->\n<title>Two events sell out this weekend - Gaeltacht an Eachr\u00e9idh<\/title>\n<meta name=\"description\" content=\"T\u00e1 an d\u00e1 imeacht at\u00e1 Gaeltacht an Eachr\u00e9idh ag reacht\u00e1il an deireadh seachtaine seo \u2013 sabhna in Eanach D\u00fain agus be\u00e1rbaici\u00fa i mBaile Chl\u00e1ir \u2013 d\u00edolta amach go hioml\u00e1n.\" \/>\n<meta name=\"robots\" content=\"index, follow, max-snippet:-1, max-image-preview:large, max-video-preview:-1\" \/>\n<link rel=\"canonical\" href=\"https:\/\/gaeltachtaneachreidh.ie\/en\/two-events-sell-out-this-weekend\/\" \/>\n<meta property=\"og:locale\" content=\"en_US\" \/>\n<meta property=\"og:type\" content=\"article\" \/>\n<meta property=\"og:title\" content=\"Two events sell out this weekend - Gaeltacht an Eachr\u00e9idh\" \/>\n<meta property=\"og:description\" content=\"T\u00e1 an d\u00e1 imeacht at\u00e1 Gaeltacht an Eachr\u00e9idh ag reacht\u00e1il an deireadh seachtaine seo \u2013 sabhna in Eanach D\u00fain agus be\u00e1rbaici\u00fa i mBaile Chl\u00e1ir \u2013 d\u00edolta amach go hioml\u00e1n.\" \/>\n<meta property=\"og:url\" content=\"https:\/\/gaeltachtaneachreidh.ie\/en\/two-events-sell-out-this-weekend\/\" \/>\n<meta property=\"og:site_name\" content=\"Gaeltacht an Eachr\u00e9idh\" \/>\n<meta property=\"article:publisher\" content=\"https:\/\/www.facebook.com\/gaeltachtaneachreidh\" \/>\n<meta property=\"article:published_time\" content=\"2026-08-25T10:34:02+00:00\" \/>\n<meta property=\"article:modified_time\" content=\"2026-08-25T10:38:38+00:00\" \/>\n<meta property=\"og:image\" content=\"https:\/\/gaeltachtaneachreidh.ie\/wp-content\/uploads\/2026\/08\/BBQ-an-tsamhraidh-diolta-amach.jpg\" \/>\n\t<meta property=\"og:image:width\" content=\"1240\" \/>\n\t<meta property=\"og:image:height\" content=\"1748\" \/>\n\t<meta property=\"og:image:type\" content=\"image\/jpeg\" \/>\n<meta name=\"author\" content=\"c t\" \/>\n<meta name=\"twitter:card\" content=\"summary_large_image\" \/>\n<meta name=\"twitter:creator\" content=\"@AnEachreidh\" \/>\n<meta name=\"twitter:site\" content=\"@AnEachreidh\" \/>\n<meta name=\"twitter:label1\" content=\"Written by\" \/>\n\t<meta name=\"twitter:data1\" content=\"c t\" \/>\n\t<meta name=\"twitter:label2\" content=\"Est. reading time\" \/>\n\t<meta name=\"twitter:data2\" content=\"4 minutes\" \/>\n<script type=\"application\/ld+json\" class=\"yoast-schema-graph\">{\"@context\":\"https:\\\/\\\/schema.org\",\"@graph\":[{\"@type\":\"Article\",\"@id\":\"https:\\\/\\\/gaeltachtaneachreidh.ie\\\/en\\\/two-events-sell-out-this-weekend\\\/#article\",\"isPartOf\":{\"@id\":\"https:\\\/\\\/gaeltachtaneachreidh.ie\\\/en\\\/two-events-sell-out-this-weekend\\\/\"},\"author\":{\"name\":\"c t\",\"@id\":\"https:\\\/\\\/gaeltachtaneachreidh.ie\\\/#\\\/schema\\\/person\\\/c1bd3579cbdf6961e7b4585a32e8fde3\"},\"headline\":\"Two events sell out this weekend\",\"datePublished\":\"2026-08-25T10:34:02+00:00\",\"dateModified\":\"2026-08-25T10:38:38+00:00\",\"mainEntityOfPage\":{\"@id\":\"https:\\\/\\\/gaeltachtaneachreidh.ie\\\/en\\\/two-events-sell-out-this-weekend\\\/\"},\"wordCount\":393,\"publisher\":{\"@id\":\"https:\\\/\\\/gaeltachtaneachreidh.ie\\\/#organization\"},\"image\":{\"@id\":\"https:\\\/\\\/gaeltachtaneachreidh.ie\\\/en\\\/two-events-sell-out-this-weekend\\\/#primaryimage\"},\"thumbnailUrl\":\"https:\\\/\\\/gaeltachtaneachreidh.ie\\\/wp-content\\\/uploads\\\/2026\\\/08\\\/BBQ-an-tsamhraidh-diolta-amach.jpg\",\"articleSection\":[\"News\"],\"inLanguage\":\"en-US\"},{\"@type\":\"WebPage\",\"@id\":\"https:\\\/\\\/gaeltachtaneachreidh.ie\\\/en\\\/two-events-sell-out-this-weekend\\\/\",\"url\":\"https:\\\/\\\/gaeltachtaneachreidh.ie\\\/en\\\/two-events-sell-out-this-weekend\\\/\",\"name\":\"Two events sell out this weekend - Gaeltacht an Eachr\u00e9idh\",\"isPartOf\":{\"@id\":\"https:\\\/\\\/gaeltachtaneachreidh.ie\\\/#website\"},\"primaryImageOfPage\":{\"@id\":\"https:\\\/\\\/gaeltachtaneachreidh.ie\\\/en\\\/two-events-sell-out-this-weekend\\\/#primaryimage\"},\"image\":{\"@id\":\"https:\\\/\\\/gaeltachtaneachreidh.ie\\\/en\\\/two-events-sell-out-this-weekend\\\/#primaryimage\"},\"thumbnailUrl\":\"https:\\\/\\\/gaeltachtaneachreidh.ie\\\/wp-content\\\/uploads\\\/2026\\\/08\\\/BBQ-an-tsamhraidh-diolta-amach.jpg\",\"datePublished\":\"2026-08-25T10:34:02+00:00\",\"dateModified\":\"2026-08-25T10:38:38+00:00\",\"description\":\"T\u00e1 an d\u00e1 imeacht at\u00e1 Gaeltacht an Eachr\u00e9idh ag reacht\u00e1il an deireadh seachtaine seo \u2013 sabhna in Eanach D\u00fain agus be\u00e1rbaici\u00fa i mBaile Chl\u00e1ir \u2013 d\u00edolta amach go hioml\u00e1n.\",\"breadcrumb\":{\"@id\":\"https:\\\/\\\/gaeltachtaneachreidh.ie\\\/en\\\/two-events-sell-out-this-weekend\\\/#breadcrumb\"},\"inLanguage\":\"en-US\",\"potentialAction\":[{\"@type\":\"ReadAction\",\"target\":[\"https:\\\/\\\/gaeltachtaneachreidh.ie\\\/en\\\/two-events-sell-out-this-weekend\\\/\"]}]},{\"@type\":\"ImageObject\",\"inLanguage\":\"en-US\",\"@id\":\"https:\\\/\\\/gaeltachtaneachreidh.ie\\\/en\\\/two-events-sell-out-this-weekend\\\/#primaryimage\",\"url\":\"https:\\\/\\\/gaeltachtaneachreidh.ie\\\/wp-content\\\/uploads\\\/2026\\\/08\\\/BBQ-an-tsamhraidh-diolta-amach.jpg\",\"contentUrl\":\"https:\\\/\\\/gaeltachtaneachreidh.ie\\\/wp-content\\\/uploads\\\/2026\\\/08\\\/BBQ-an-tsamhraidh-diolta-amach.jpg\",\"width\":1240,\"height\":1748},{\"@type\":\"BreadcrumbList\",\"@id\":\"https:\\\/\\\/gaeltachtaneachreidh.ie\\\/en\\\/two-events-sell-out-this-weekend\\\/#breadcrumb\",\"itemListElement\":[{\"@type\":\"ListItem\",\"position\":1,\"name\":\"Home\",\"item\":\"https:\\\/\\\/gaeltachtaneachreidh.ie\\\/en\\\/\"},{\"@type\":\"ListItem\",\"position\":2,\"name\":\"Two events sell out this weekend\"}]},{\"@type\":\"WebSite\",\"@id\":\"https:\\\/\\\/gaeltachtaneachreidh.ie\\\/#website\",\"url\":\"https:\\\/\\\/gaeltachtaneachreidh.ie\\\/\",\"name\":\"Gaeltacht U\u00ed Each\u00e9idh\",\"description\":\"Limist\u00e9ar Plean\u00e1la Teanga Gaeltacht an Eachr\u00e9idh\",\"publisher\":{\"@id\":\"https:\\\/\\\/gaeltachtaneachreidh.ie\\\/#organization\"},\"potentialAction\":[{\"@type\":\"SearchAction\",\"target\":{\"@type\":\"EntryPoint\",\"urlTemplate\":\"https:\\\/\\\/gaeltachtaneachreidh.ie\\\/?s={search_term_string}\"},\"query-input\":{\"@type\":\"PropertyValueSpecification\",\"valueRequired\":true,\"valueName\":\"search_term_string\"}}],\"inLanguage\":\"en-US\"},{\"@type\":\"Organization\",\"@id\":\"https:\\\/\\\/gaeltachtaneachreidh.ie\\\/#organization\",\"name\":\"Gaeltacht U\u00ed Each\u00e9idh\",\"url\":\"https:\\\/\\\/gaeltachtaneachreidh.ie\\\/\",\"logo\":{\"@type\":\"ImageObject\",\"inLanguage\":\"en-US\",\"@id\":\"https:\\\/\\\/gaeltachtaneachreidh.ie\\\/#\\\/schema\\\/logo\\\/image\\\/\",\"url\":\"https:\\\/\\\/gaeltachtaneachreidh.ie\\\/wp-content\\\/uploads\\\/2022\\\/12\\\/GaeltachtanEachreidh-logo-retina.png\",\"contentUrl\":\"https:\\\/\\\/gaeltachtaneachreidh.ie\\\/wp-content\\\/uploads\\\/2022\\\/12\\\/GaeltachtanEachreidh-logo-retina.png\",\"width\":718,\"height\":200,\"caption\":\"Gaeltacht U\u00ed Each\u00e9idh\"},\"image\":{\"@id\":\"https:\\\/\\\/gaeltachtaneachreidh.ie\\\/#\\\/schema\\\/logo\\\/image\\\/\"},\"sameAs\":[\"https:\\\/\\\/www.facebook.com\\\/gaeltachtaneachreidh\",\"https:\\\/\\\/x.com\\\/AnEachreidh\",\"https:\\\/\\\/www.instagram.com\\\/gaeltachtaneachreidh\\\/\",\"https:\\\/\\\/www.youtube.com\\\/@GaeltachtanEachridh-f6z\"]},{\"@type\":\"Person\",\"@id\":\"https:\\\/\\\/gaeltachtaneachreidh.ie\\\/#\\\/schema\\\/person\\\/c1bd3579cbdf6961e7b4585a32e8fde3\",\"name\":\"c t\",\"image\":{\"@type\":\"ImageObject\",\"inLanguage\":\"en-US\",\"@id\":\"https:\\\/\\\/secure.gravatar.com\\\/avatar\\\/45587ab269f201f578a52ed70dcf2cf79bbec95a18732f3824f1c97e010357a7?s=96&d=mm&r=g\",\"url\":\"https:\\\/\\\/secure.gravatar.com\\\/avatar\\\/45587ab269f201f578a52ed70dcf2cf79bbec95a18732f3824f1c97e010357a7?s=96&d=mm&r=g\",\"contentUrl\":\"https:\\\/\\\/secure.gravatar.com\\\/avatar\\\/45587ab269f201f578a52ed70dcf2cf79bbec95a18732f3824f1c97e010357a7?s=96&d=mm&r=g\",\"caption\":\"c t\"},\"url\":\"https:\\\/\\\/gaeltachtaneachreidh.ie\\\/en\\\/author\\\/admingae\\\/\"}]}<\/script>\n<!-- \/ Yoast SEO plugin. -->","yoast_head_json":{"title":"Two events sell out this weekend - Gaeltacht an Eachr\u00e9idh","description":"T\u00e1 an d\u00e1 imeacht at\u00e1 Gaeltacht an Eachr\u00e9idh ag reacht\u00e1il an deireadh seachtaine seo \u2013 sabhna in Eanach D\u00fain agus be\u00e1rbaici\u00fa i mBaile Chl\u00e1ir \u2013 d\u00edolta amach go hioml\u00e1n.","robots":{"index":"index","follow":"follow","max-snippet":"max-snippet:-1","max-image-preview":"max-image-preview:large","max-video-preview":"max-video-preview:-1"},"canonical":"https:\/\/gaeltachtaneachreidh.ie\/en\/two-events-sell-out-this-weekend\/","og_locale":"en_US","og_type":"article","og_title":"Two events sell out this weekend - Gaeltacht an Eachr\u00e9idh","og_description":"T\u00e1 an d\u00e1 imeacht at\u00e1 Gaeltacht an Eachr\u00e9idh ag reacht\u00e1il an deireadh seachtaine seo \u2013 sabhna in Eanach D\u00fain agus be\u00e1rbaici\u00fa i mBaile Chl\u00e1ir \u2013 d\u00edolta amach go hioml\u00e1n.","og_url":"https:\/\/gaeltachtaneachreidh.ie\/en\/two-events-sell-out-this-weekend\/","og_site_name":"Gaeltacht an Eachr\u00e9idh","article_publisher":"https:\/\/www.facebook.com\/gaeltachtaneachreidh","article_published_time":"2026-08-25T10:34:02+00:00","article_modified_time":"2026-08-25T10:38:38+00:00","og_image":[{"width":1240,"height":1748,"url":"https:\/\/gaeltachtaneachreidh.ie\/wp-content\/uploads\/2026\/08\/BBQ-an-tsamhraidh-diolta-amach.jpg","type":"image\/jpeg"}],"author":"c t","twitter_card":"summary_large_image","twitter_creator":"@AnEachreidh","twitter_site":"@AnEachreidh","twitter_misc":{"Written by":"c t","Est. reading time":"4 minutes"},"schema":{"@context":"https:\/\/schema.org","@graph":[{"@type":"Article","@id":"https:\/\/gaeltachtaneachreidh.ie\/en\/two-events-sell-out-this-weekend\/#article","isPartOf":{"@id":"https:\/\/gaeltachtaneachreidh.ie\/en\/two-events-sell-out-this-weekend\/"},"author":{"name":"c t","@id":"https:\/\/gaeltachtaneachreidh.ie\/#\/schema\/person\/c1bd3579cbdf6961e7b4585a32e8fde3"},"headline":"Two events sell out this weekend","datePublished":"2026-08-25T10:34:02+00:00","dateModified":"2026-08-25T10:38:38+00:00","mainEntityOfPage":{"@id":"https:\/\/gaeltachtaneachreidh.ie\/en\/two-events-sell-out-this-weekend\/"},"wordCount":393,"publisher":{"@id":"https:\/\/gaeltachtaneachreidh.ie\/#organization"},"image":{"@id":"https:\/\/gaeltachtaneachreidh.ie\/en\/two-events-sell-out-this-weekend\/#primaryimage"},"thumbnailUrl":"https:\/\/gaeltachtaneachreidh.ie\/wp-content\/uploads\/2026\/08\/BBQ-an-tsamhraidh-diolta-amach.jpg","articleSection":["News"],"inLanguage":"en-US"},{"@type":"WebPage","@id":"https:\/\/gaeltachtaneachreidh.ie\/en\/two-events-sell-out-this-weekend\/","url":"https:\/\/gaeltachtaneachreidh.ie\/en\/two-events-sell-out-this-weekend\/","name":"Two events sell out this weekend - Gaeltacht an Eachr\u00e9idh","isPartOf":{"@id":"https:\/\/gaeltachtaneachreidh.ie\/#website"},"primaryImageOfPage":{"@id":"https:\/\/gaeltachtaneachreidh.ie\/en\/two-events-sell-out-this-weekend\/#primaryimage"},"image":{"@id":"https:\/\/gaeltachtaneachreidh.ie\/en\/two-events-sell-out-this-weekend\/#primaryimage"},"thumbnailUrl":"https:\/\/gaeltachtaneachreidh.ie\/wp-content\/uploads\/2026\/08\/BBQ-an-tsamhraidh-diolta-amach.jpg","datePublished":"2026-08-25T10:34:02+00:00","dateModified":"2026-08-25T10:38:38+00:00","description":"T\u00e1 an d\u00e1 imeacht at\u00e1 Gaeltacht an Eachr\u00e9idh ag reacht\u00e1il an deireadh seachtaine seo \u2013 sabhna in Eanach D\u00fain agus be\u00e1rbaici\u00fa i mBaile Chl\u00e1ir \u2013 d\u00edolta amach go hioml\u00e1n.","breadcrumb":{"@id":"https:\/\/gaeltachtaneachreidh.ie\/en\/two-events-sell-out-this-weekend\/#breadcrumb"},"inLanguage":"en-US","potentialAction":[{"@type":"ReadAction","target":["https:\/\/gaeltachtaneachreidh.ie\/en\/two-events-sell-out-this-weekend\/"]}]},{"@type":"ImageObject","inLanguage":"en-US","@id":"https:\/\/gaeltachtaneachreidh.ie\/en\/two-events-sell-out-this-weekend\/#primaryimage","url":"https:\/\/gaeltachtaneachreidh.ie\/wp-content\/uploads\/2026\/08\/BBQ-an-tsamhraidh-diolta-amach.jpg","contentUrl":"https:\/\/gaeltachtaneachreidh.ie\/wp-content\/uploads\/2026\/08\/BBQ-an-tsamhraidh-diolta-amach.jpg","width":1240,"height":1748},{"@type":"BreadcrumbList","@id":"https:\/\/gaeltachtaneachreidh.ie\/en\/two-events-sell-out-this-weekend\/#breadcrumb","itemListElement":[{"@type":"ListItem","position":1,"name":"Home","item":"https:\/\/gaeltachtaneachreidh.ie\/en\/"},{"@type":"ListItem","position":2,"name":"Two events sell out this weekend"}]},{"@type":"WebSite","@id":"https:\/\/gaeltachtaneachreidh.ie\/#website","url":"https:\/\/gaeltachtaneachreidh.ie\/","name":"Gaeltacht U\u00ed Each\u00e9idh","description":"Limist\u00e9ar Plean\u00e1la Teanga Gaeltacht an Eachr\u00e9idh","publisher":{"@id":"https:\/\/gaeltachtaneachreidh.ie\/#organization"},"potentialAction":[{"@type":"SearchAction","target":{"@type":"EntryPoint","urlTemplate":"https:\/\/gaeltachtaneachreidh.ie\/?s={search_term_string}"},"query-input":{"@type":"PropertyValueSpecification","valueRequired":true,"valueName":"search_term_string"}}],"inLanguage":"en-US"},{"@type":"Organization","@id":"https:\/\/gaeltachtaneachreidh.ie\/#organization","name":"Gaeltacht U\u00ed Each\u00e9idh","url":"https:\/\/gaeltachtaneachreidh.ie\/","logo":{"@type":"ImageObject","inLanguage":"en-US","@id":"https:\/\/gaeltachtaneachreidh.ie\/#\/schema\/logo\/image\/","url":"https:\/\/gaeltachtaneachreidh.ie\/wp-content\/uploads\/2022\/12\/GaeltachtanEachreidh-logo-retina.png","contentUrl":"https:\/\/gaeltachtaneachreidh.ie\/wp-content\/uploads\/2022\/12\/GaeltachtanEachreidh-logo-retina.png","width":718,"height":200,"caption":"Gaeltacht U\u00ed Each\u00e9idh"},"image":{"@id":"https:\/\/gaeltachtaneachreidh.ie\/#\/schema\/logo\/image\/"},"sameAs":["https:\/\/www.facebook.com\/gaeltachtaneachreidh","https:\/\/x.com\/AnEachreidh","https:\/\/www.instagram.com\/gaeltachtaneachreidh\/","https:\/\/www.youtube.com\/@GaeltachtanEachridh-f6z"]},{"@type":"Person","@id":"https:\/\/gaeltachtaneachreidh.ie\/#\/schema\/person\/c1bd3579cbdf6961e7b4585a32e8fde3","name":"c t","image":{"@type":"ImageObject","inLanguage":"en-US","@id":"https:\/\/secure.gravatar.com\/avatar\/45587ab269f201f578a52ed70dcf2cf79bbec95a18732f3824f1c97e010357a7?s=96&d=mm&r=g","url":"https:\/\/secure.gravatar.com\/avatar\/45587ab269f201f578a52ed70dcf2cf79bbec95a18732f3824f1c97e010357a7?s=96&d=mm&r=g","contentUrl":"https:\/\/secure.gravatar.com\/avatar\/45587ab269f201f578a52ed70dcf2cf79bbec95a18732f3824f1c97e010357a7?s=96&d=mm&r=g","caption":"c t"},"url":"https:\/\/gaeltachtaneachreidh.ie\/en\/author\/admingae\/"}]}},"_links":{"self":[{"href":"https:\/\/gaeltachtaneachreidh.ie\/en\/wp-json\/wp\/v2\/posts\/2888","targetHints":{"allow":["GET"]}}],"collection":[{"href":"https:\/\/gaeltachtaneachreidh.ie\/en\/wp-json\/wp\/v2\/posts"}],"about":[{"href":"https:\/\/gaeltachtaneachreidh.ie\/en\/wp-json\/wp\/v2\/types\/post"}],"author":[{"embeddable":true,"href":"https:\/\/gaeltachtaneachreidh.ie\/en\/wp-json\/wp\/v2\/users\/3"}],"replies":[{"embeddable":true,"href":"https:\/\/gaeltachtaneachreidh.ie\/en\/wp-json\/wp\/v2\/comments?post=2888"}],"version-history":[{"count":2,"href":"https:\/\/gaeltachtaneachreidh.ie\/en\/wp-json\/wp\/v2\/posts\/2888\/revisions"}],"predecessor-version":[{"id":2890,"href":"https:\/\/gaeltachtaneachreidh.ie\/en\/wp-json\/wp\/v2\/posts\/2888\/revisions\/2890"}],"wp:featuredmedia":[{"embeddable":true,"href":"https:\/\/gaeltachtaneachreidh.ie\/en\/wp-json\/wp\/v2\/media\/2884"}],"wp:attachment":[{"href":"https:\/\/gaeltachtaneachreidh.ie\/en\/wp-json\/wp\/v2\/media?parent=2888"}],"wp:term":[{"taxonomy":"category","embeddable":true,"href":"https:\/\/gaeltachtaneachreidh.ie\/en\/wp-json\/wp\/v2\/categories?post=2888"},{"taxonomy":"post_tag","embeddable":true,"href":"https:\/\/gaeltachtaneachreidh.ie\/en\/wp-json\/wp\/v2\/tags?post=2888"}],"curies":[{"name":"wp","href":"https:\/\/api.w.org\/{rel}","templated":true}]}}