{"id":2411,"date":"2026-04-28T10:56:46","date_gmt":"2026-04-28T10:56:46","guid":{"rendered":"https:\/\/gaeltachtaneachreidh.ie\/?p=2411"},"modified":"2026-04-28T11:29:41","modified_gmt":"2026-04-28T11:29:41","slug":"walking-together-as-gaeilge-in-claregalway","status":"publish","type":"post","link":"https:\/\/gaeltachtaneachreidh.ie\/en\/walking-together-as-gaeilge-in-claregalway\/","title":{"rendered":"Walking together &#8216;as Gaeilge&#8217; in the Claregalway sunshine"},"content":{"rendered":"<p><img fetchpriority=\"high\" decoding=\"async\" class=\"alignnone size-medium wp-image-2412\" src=\"https:\/\/gaeltachtaneachreidh.ie\/wp-content\/uploads\/2026\/04\/2557ea40-140a-44f4-913a-2a04e37814d2-600x540.jpg\" alt=\"\" width=\"600\" height=\"540\" \/><\/p>\n<p>Apart from a little dog who managed to get lost, we had a brilliant first night for our first ever \u2018Si\u00falach Sc\u00e9alach\u2019 in Claregalway last week.<\/p>\n<p>A lovely mixture of Irish speakers and learners turned up to walk for an hour on the pathway which links the Claregalway and Turloughmore GAA grounds, an area which boasts spectacular views of An Eachr\u00e9idh.<\/p>\n<p>As we approached Knockdoe Hill (Hill of the Axe), locals explained to us the significance of the Battle of Knockdoe in 1504 in which hundreds of men lost their lives.<\/p>\n<p>There are many cairns (burial mounds) near the summit of Knockdoe and the battle is believed to have been the first in Ireland in which firearms were used.<\/p>\n<p>The locals also expressed gratitude to the Kearney family who donated the public pathway to the local community a few years ago \u2013 the area boasts spectacular views of the Corrib, Connemara, and the level land or plain after which Gaeltacht an Eachr\u00e9idh was named.<\/p>\n<p>We broke into smaller groups during the one-hour walk, the idea being that people with stronger Irish could encourage those who are learning or a bit \u201crusty\u201d with the language. .<\/p>\n<p>The idea behind the \u2018Si\u00falach Sc\u00e9alach\u2019 is that people can relax and talk to one another in our native language while exercising and you do not need to be fluent in Irish to take part.<\/p>\n<p>The group will meet up at the Claregalway GAA Centre in Knockdoe again on Wednesday, April 22 (7.30pm) for a one hour walk and organiser Gear\u00f3id O Fathaigh says that anyone with an interest in practicing or learning some Irish is more than welcome to take part.<\/p>\n<p>Participants will be encouraged to speak \u2018as Gaeilge\u2019 and learn from either other over the course of a one hour walk. The concept of the walk is based on the Irish \u2018seanfhocal\u2019 \u201cAn t\u00e9 a bh\u00edonn si\u00falach, b\u00edonn sc\u00e9alach\u2019 which means that those who travel have stories to tell.<\/p>\n<p>All you have to do is turn up at the car park at the Claregalway GAA grounds in Knockdoe at 7.30pm on a Wednesday evening. Look out for Gear\u00f3id in his \u2018high vis\u2019 jacket!<\/p>\n<p>The Eircode is H91 E7F4.<\/p>\n<p>Oh, and the little dog returned to the clubhouse in the end!<\/p>\n<p>B\u00edgi linn &#8211; join us for some conversation, craic, and an hour of gentle exercise on the hill!<\/p>\n<p>&nbsp;<\/p>\n<p><img decoding=\"async\" class=\"alignnone size-medium wp-image-2414 lazyload\" data-src=\"https:\/\/gaeltachtaneachreidh.ie\/wp-content\/uploads\/2026\/04\/NUA-siulach-scealach-Instagram-Post-45-600x540.jpg\" alt=\"\" width=\"600\" height=\"540\" src=\"data:image\/svg+xml;base64,PHN2ZyB3aWR0aD0iMSIgaGVpZ2h0PSIxIiB4bWxucz0iaHR0cDovL3d3dy53My5vcmcvMjAwMC9zdmciPjwvc3ZnPg==\" style=\"--smush-placeholder-width: 600px; --smush-placeholder-aspect-ratio: 600\/540;\" \/><\/p>\n<p><img decoding=\"async\" class=\"alignnone size-medium wp-image-2416 lazyload\" data-src=\"https:\/\/gaeltachtaneachreidh.ie\/wp-content\/uploads\/2026\/04\/5364409c-7735-4417-aff0-703f542e5dbc-600x540.jpg\" alt=\"\" width=\"600\" height=\"540\" src=\"data:image\/svg+xml;base64,PHN2ZyB3aWR0aD0iMSIgaGVpZ2h0PSIxIiB4bWxucz0iaHR0cDovL3d3dy53My5vcmcvMjAwMC9zdmciPjwvc3ZnPg==\" style=\"--smush-placeholder-width: 600px; --smush-placeholder-aspect-ratio: 600\/540;\" \/><\/p>\n<p><img decoding=\"async\" class=\"alignnone size-medium wp-image-2418 lazyload\" data-src=\"https:\/\/gaeltachtaneachreidh.ie\/wp-content\/uploads\/2026\/04\/siuloidmadra-600x540.jpg\" alt=\"\" width=\"600\" height=\"540\" src=\"data:image\/svg+xml;base64,PHN2ZyB3aWR0aD0iMSIgaGVpZ2h0PSIxIiB4bWxucz0iaHR0cDovL3d3dy53My5vcmcvMjAwMC9zdmciPjwvc3ZnPg==\" style=\"--smush-placeholder-width: 600px; --smush-placeholder-aspect-ratio: 600\/540;\" \/><\/p>\n","protected":false},"excerpt":{"rendered":"<p>Apart from a little dog who managed to get lost, we had a brilliant first night for our first ever \u2018Si\u00falach Sc\u00e9alach\u2019 in Claregalway last week. A lovely mixture of [&hellip;]<\/p>\n","protected":false},"author":3,"featured_media":2418,"comment_status":"closed","ping_status":"open","sticky":false,"template":"","format":"standard","meta":{"footnotes":""},"categories":[120],"tags":[132,134,135,143,157,257,315,316],"class_list":["post-2411","post","type-post","status-publish","format-standard","has-post-thumbnail","hentry","category-news","tag-baile-chlair-en","tag-claregalway-en","tag-gaeilge-en","tag-gaeltacht-an-eachreidh-en","tag-gaillimh-en","tag-galway","tag-knockdoe","tag-siulach-scealach"],"yoast_head":"<!-- This site is optimized with the Yoast SEO plugin v27.5 - https:\/\/yoast.com\/product\/yoast-seo-wordpress\/ -->\n<title>Walking together &#039;as Gaeilge&#039; in the Claregalway sunshine - Gaeltacht an Each\u00e9idh<\/title>\n<meta name=\"robots\" content=\"index, follow, max-snippet:-1, max-image-preview:large, max-video-preview:-1\" \/>\n<link rel=\"canonical\" href=\"https:\/\/gaeltachtaneachreidh.ie\/en\/walking-together-as-gaeilge-in-claregalway\/\" \/>\n<meta property=\"og:locale\" content=\"en_US\" \/>\n<meta property=\"og:type\" content=\"article\" \/>\n<meta property=\"og:title\" content=\"Walking together &#039;as Gaeilge&#039; in the Claregalway sunshine - Gaeltacht an Each\u00e9idh\" \/>\n<meta property=\"og:description\" content=\"Apart from a little dog who managed to get lost, we had a brilliant first night for our first ever \u2018Si\u00falach Sc\u00e9alach\u2019 in Claregalway last week. A lovely mixture of [&hellip;]\" \/>\n<meta property=\"og:url\" content=\"https:\/\/gaeltachtaneachreidh.ie\/en\/walking-together-as-gaeilge-in-claregalway\/\" \/>\n<meta property=\"og:site_name\" content=\"Gaeltacht an Each\u00e9idh\" \/>\n<meta property=\"article:publisher\" content=\"https:\/\/www.facebook.com\/gaeltachtaneachreidh\" \/>\n<meta property=\"article:published_time\" content=\"2026-04-28T10:56:46+00:00\" \/>\n<meta property=\"article:modified_time\" content=\"2026-04-28T11:29:41+00:00\" \/>\n<meta property=\"og:image\" content=\"https:\/\/gaeltachtaneachreidh.ie\/wp-content\/uploads\/2026\/04\/siuloidmadra.jpg\" \/>\n\t<meta property=\"og:image:width\" content=\"1536\" \/>\n\t<meta property=\"og:image:height\" content=\"2048\" \/>\n\t<meta property=\"og:image:type\" content=\"image\/jpeg\" \/>\n<meta name=\"author\" content=\"c t\" \/>\n<meta name=\"twitter:card\" content=\"summary_large_image\" \/>\n<meta name=\"twitter:creator\" content=\"@AnEachreidh\" \/>\n<meta name=\"twitter:site\" content=\"@AnEachreidh\" \/>\n<meta name=\"twitter:label1\" content=\"Written by\" \/>\n\t<meta name=\"twitter:data1\" content=\"c t\" \/>\n\t<meta name=\"twitter:label2\" content=\"Est. reading time\" \/>\n\t<meta name=\"twitter:data2\" content=\"4 minutes\" \/>\n<script type=\"application\/ld+json\" class=\"yoast-schema-graph\">{\"@context\":\"https:\\\/\\\/schema.org\",\"@graph\":[{\"@type\":\"Article\",\"@id\":\"https:\\\/\\\/gaeltachtaneachreidh.ie\\\/en\\\/walking-together-as-gaeilge-in-claregalway\\\/#article\",\"isPartOf\":{\"@id\":\"https:\\\/\\\/gaeltachtaneachreidh.ie\\\/en\\\/walking-together-as-gaeilge-in-claregalway\\\/\"},\"author\":{\"name\":\"c t\",\"@id\":\"https:\\\/\\\/gaeltachtaneachreidh.ie\\\/#\\\/schema\\\/person\\\/c1bd3579cbdf6961e7b4585a32e8fde3\"},\"headline\":\"Walking together &#8216;as Gaeilge&#8217; in the Claregalway sunshine\",\"datePublished\":\"2026-04-28T10:56:46+00:00\",\"dateModified\":\"2026-04-28T11:29:41+00:00\",\"mainEntityOfPage\":{\"@id\":\"https:\\\/\\\/gaeltachtaneachreidh.ie\\\/en\\\/walking-together-as-gaeilge-in-claregalway\\\/\"},\"wordCount\":414,\"publisher\":{\"@id\":\"https:\\\/\\\/gaeltachtaneachreidh.ie\\\/#organization\"},\"image\":{\"@id\":\"https:\\\/\\\/gaeltachtaneachreidh.ie\\\/en\\\/walking-together-as-gaeilge-in-claregalway\\\/#primaryimage\"},\"thumbnailUrl\":\"https:\\\/\\\/gaeltachtaneachreidh.ie\\\/wp-content\\\/uploads\\\/2026\\\/04\\\/siuloidmadra.jpg\",\"keywords\":[\"Baile Chl\u00e1ir\",\"Claregalway\",\"Gaeilge\",\"Gaeltacht an Eachreidh\",\"Gaillimh\",\"Galway\",\"Knockdoe\",\"Si\u00falach Sc\u00e9alach\"],\"articleSection\":[\"News\"],\"inLanguage\":\"en-US\"},{\"@type\":\"WebPage\",\"@id\":\"https:\\\/\\\/gaeltachtaneachreidh.ie\\\/en\\\/walking-together-as-gaeilge-in-claregalway\\\/\",\"url\":\"https:\\\/\\\/gaeltachtaneachreidh.ie\\\/en\\\/walking-together-as-gaeilge-in-claregalway\\\/\",\"name\":\"Walking together 'as Gaeilge' in the Claregalway sunshine - Gaeltacht an Each\u00e9idh\",\"isPartOf\":{\"@id\":\"https:\\\/\\\/gaeltachtaneachreidh.ie\\\/#website\"},\"primaryImageOfPage\":{\"@id\":\"https:\\\/\\\/gaeltachtaneachreidh.ie\\\/en\\\/walking-together-as-gaeilge-in-claregalway\\\/#primaryimage\"},\"image\":{\"@id\":\"https:\\\/\\\/gaeltachtaneachreidh.ie\\\/en\\\/walking-together-as-gaeilge-in-claregalway\\\/#primaryimage\"},\"thumbnailUrl\":\"https:\\\/\\\/gaeltachtaneachreidh.ie\\\/wp-content\\\/uploads\\\/2026\\\/04\\\/siuloidmadra.jpg\",\"datePublished\":\"2026-04-28T10:56:46+00:00\",\"dateModified\":\"2026-04-28T11:29:41+00:00\",\"breadcrumb\":{\"@id\":\"https:\\\/\\\/gaeltachtaneachreidh.ie\\\/en\\\/walking-together-as-gaeilge-in-claregalway\\\/#breadcrumb\"},\"inLanguage\":\"en-US\",\"potentialAction\":[{\"@type\":\"ReadAction\",\"target\":[\"https:\\\/\\\/gaeltachtaneachreidh.ie\\\/en\\\/walking-together-as-gaeilge-in-claregalway\\\/\"]}]},{\"@type\":\"ImageObject\",\"inLanguage\":\"en-US\",\"@id\":\"https:\\\/\\\/gaeltachtaneachreidh.ie\\\/en\\\/walking-together-as-gaeilge-in-claregalway\\\/#primaryimage\",\"url\":\"https:\\\/\\\/gaeltachtaneachreidh.ie\\\/wp-content\\\/uploads\\\/2026\\\/04\\\/siuloidmadra.jpg\",\"contentUrl\":\"https:\\\/\\\/gaeltachtaneachreidh.ie\\\/wp-content\\\/uploads\\\/2026\\\/04\\\/siuloidmadra.jpg\",\"width\":1536,\"height\":2048},{\"@type\":\"BreadcrumbList\",\"@id\":\"https:\\\/\\\/gaeltachtaneachreidh.ie\\\/en\\\/walking-together-as-gaeilge-in-claregalway\\\/#breadcrumb\",\"itemListElement\":[{\"@type\":\"ListItem\",\"position\":1,\"name\":\"Home\",\"item\":\"https:\\\/\\\/gaeltachtaneachreidh.ie\\\/en\\\/\"},{\"@type\":\"ListItem\",\"position\":2,\"name\":\"Walking together &#8216;as Gaeilge&#8217; in the Claregalway sunshine\"}]},{\"@type\":\"WebSite\",\"@id\":\"https:\\\/\\\/gaeltachtaneachreidh.ie\\\/#website\",\"url\":\"https:\\\/\\\/gaeltachtaneachreidh.ie\\\/\",\"name\":\"Gaeltacht U\u00ed Each\u00e9idh\",\"description\":\"Limist\u00e9ar Plean\u00e1la Teanga Gaeltacht an Eachr\u00e9idh\",\"publisher\":{\"@id\":\"https:\\\/\\\/gaeltachtaneachreidh.ie\\\/#organization\"},\"potentialAction\":[{\"@type\":\"SearchAction\",\"target\":{\"@type\":\"EntryPoint\",\"urlTemplate\":\"https:\\\/\\\/gaeltachtaneachreidh.ie\\\/?s={search_term_string}\"},\"query-input\":{\"@type\":\"PropertyValueSpecification\",\"valueRequired\":true,\"valueName\":\"search_term_string\"}}],\"inLanguage\":\"en-US\"},{\"@type\":\"Organization\",\"@id\":\"https:\\\/\\\/gaeltachtaneachreidh.ie\\\/#organization\",\"name\":\"Gaeltacht U\u00ed Each\u00e9idh\",\"url\":\"https:\\\/\\\/gaeltachtaneachreidh.ie\\\/\",\"logo\":{\"@type\":\"ImageObject\",\"inLanguage\":\"en-US\",\"@id\":\"https:\\\/\\\/gaeltachtaneachreidh.ie\\\/#\\\/schema\\\/logo\\\/image\\\/\",\"url\":\"https:\\\/\\\/gaeltachtaneachreidh.ie\\\/wp-content\\\/uploads\\\/2022\\\/12\\\/GaeltachtanEachreidh-logo-retina.png\",\"contentUrl\":\"https:\\\/\\\/gaeltachtaneachreidh.ie\\\/wp-content\\\/uploads\\\/2022\\\/12\\\/GaeltachtanEachreidh-logo-retina.png\",\"width\":718,\"height\":200,\"caption\":\"Gaeltacht U\u00ed Each\u00e9idh\"},\"image\":{\"@id\":\"https:\\\/\\\/gaeltachtaneachreidh.ie\\\/#\\\/schema\\\/logo\\\/image\\\/\"},\"sameAs\":[\"https:\\\/\\\/www.facebook.com\\\/gaeltachtaneachreidh\",\"https:\\\/\\\/x.com\\\/AnEachreidh\",\"https:\\\/\\\/www.instagram.com\\\/gaeltachtaneachreidh\\\/\",\"https:\\\/\\\/www.youtube.com\\\/@GaeltachtanEachridh-f6z\"]},{\"@type\":\"Person\",\"@id\":\"https:\\\/\\\/gaeltachtaneachreidh.ie\\\/#\\\/schema\\\/person\\\/c1bd3579cbdf6961e7b4585a32e8fde3\",\"name\":\"c t\",\"image\":{\"@type\":\"ImageObject\",\"inLanguage\":\"en-US\",\"@id\":\"https:\\\/\\\/secure.gravatar.com\\\/avatar\\\/45587ab269f201f578a52ed70dcf2cf79bbec95a18732f3824f1c97e010357a7?s=96&d=mm&r=g\",\"url\":\"https:\\\/\\\/secure.gravatar.com\\\/avatar\\\/45587ab269f201f578a52ed70dcf2cf79bbec95a18732f3824f1c97e010357a7?s=96&d=mm&r=g\",\"contentUrl\":\"https:\\\/\\\/secure.gravatar.com\\\/avatar\\\/45587ab269f201f578a52ed70dcf2cf79bbec95a18732f3824f1c97e010357a7?s=96&d=mm&r=g\",\"caption\":\"c t\"},\"url\":\"https:\\\/\\\/gaeltachtaneachreidh.ie\\\/en\\\/author\\\/admingae\\\/\"}]}<\/script>\n<!-- \/ Yoast SEO plugin. -->","yoast_head_json":{"title":"Walking together 'as Gaeilge' in the Claregalway sunshine - Gaeltacht an Each\u00e9idh","robots":{"index":"index","follow":"follow","max-snippet":"max-snippet:-1","max-image-preview":"max-image-preview:large","max-video-preview":"max-video-preview:-1"},"canonical":"https:\/\/gaeltachtaneachreidh.ie\/en\/walking-together-as-gaeilge-in-claregalway\/","og_locale":"en_US","og_type":"article","og_title":"Walking together 'as Gaeilge' in the Claregalway sunshine - Gaeltacht an Each\u00e9idh","og_description":"Apart from a little dog who managed to get lost, we had a brilliant first night for our first ever \u2018Si\u00falach Sc\u00e9alach\u2019 in Claregalway last week. A lovely mixture of [&hellip;]","og_url":"https:\/\/gaeltachtaneachreidh.ie\/en\/walking-together-as-gaeilge-in-claregalway\/","og_site_name":"Gaeltacht an Each\u00e9idh","article_publisher":"https:\/\/www.facebook.com\/gaeltachtaneachreidh","article_published_time":"2026-04-28T10:56:46+00:00","article_modified_time":"2026-04-28T11:29:41+00:00","og_image":[{"width":1536,"height":2048,"url":"https:\/\/gaeltachtaneachreidh.ie\/wp-content\/uploads\/2026\/04\/siuloidmadra.jpg","type":"image\/jpeg"}],"author":"c t","twitter_card":"summary_large_image","twitter_creator":"@AnEachreidh","twitter_site":"@AnEachreidh","twitter_misc":{"Written by":"c t","Est. reading time":"4 minutes"},"schema":{"@context":"https:\/\/schema.org","@graph":[{"@type":"Article","@id":"https:\/\/gaeltachtaneachreidh.ie\/en\/walking-together-as-gaeilge-in-claregalway\/#article","isPartOf":{"@id":"https:\/\/gaeltachtaneachreidh.ie\/en\/walking-together-as-gaeilge-in-claregalway\/"},"author":{"name":"c t","@id":"https:\/\/gaeltachtaneachreidh.ie\/#\/schema\/person\/c1bd3579cbdf6961e7b4585a32e8fde3"},"headline":"Walking together &#8216;as Gaeilge&#8217; in the Claregalway sunshine","datePublished":"2026-04-28T10:56:46+00:00","dateModified":"2026-04-28T11:29:41+00:00","mainEntityOfPage":{"@id":"https:\/\/gaeltachtaneachreidh.ie\/en\/walking-together-as-gaeilge-in-claregalway\/"},"wordCount":414,"publisher":{"@id":"https:\/\/gaeltachtaneachreidh.ie\/#organization"},"image":{"@id":"https:\/\/gaeltachtaneachreidh.ie\/en\/walking-together-as-gaeilge-in-claregalway\/#primaryimage"},"thumbnailUrl":"https:\/\/gaeltachtaneachreidh.ie\/wp-content\/uploads\/2026\/04\/siuloidmadra.jpg","keywords":["Baile Chl\u00e1ir","Claregalway","Gaeilge","Gaeltacht an Eachreidh","Gaillimh","Galway","Knockdoe","Si\u00falach Sc\u00e9alach"],"articleSection":["News"],"inLanguage":"en-US"},{"@type":"WebPage","@id":"https:\/\/gaeltachtaneachreidh.ie\/en\/walking-together-as-gaeilge-in-claregalway\/","url":"https:\/\/gaeltachtaneachreidh.ie\/en\/walking-together-as-gaeilge-in-claregalway\/","name":"Walking together 'as Gaeilge' in the Claregalway sunshine - Gaeltacht an Each\u00e9idh","isPartOf":{"@id":"https:\/\/gaeltachtaneachreidh.ie\/#website"},"primaryImageOfPage":{"@id":"https:\/\/gaeltachtaneachreidh.ie\/en\/walking-together-as-gaeilge-in-claregalway\/#primaryimage"},"image":{"@id":"https:\/\/gaeltachtaneachreidh.ie\/en\/walking-together-as-gaeilge-in-claregalway\/#primaryimage"},"thumbnailUrl":"https:\/\/gaeltachtaneachreidh.ie\/wp-content\/uploads\/2026\/04\/siuloidmadra.jpg","datePublished":"2026-04-28T10:56:46+00:00","dateModified":"2026-04-28T11:29:41+00:00","breadcrumb":{"@id":"https:\/\/gaeltachtaneachreidh.ie\/en\/walking-together-as-gaeilge-in-claregalway\/#breadcrumb"},"inLanguage":"en-US","potentialAction":[{"@type":"ReadAction","target":["https:\/\/gaeltachtaneachreidh.ie\/en\/walking-together-as-gaeilge-in-claregalway\/"]}]},{"@type":"ImageObject","inLanguage":"en-US","@id":"https:\/\/gaeltachtaneachreidh.ie\/en\/walking-together-as-gaeilge-in-claregalway\/#primaryimage","url":"https:\/\/gaeltachtaneachreidh.ie\/wp-content\/uploads\/2026\/04\/siuloidmadra.jpg","contentUrl":"https:\/\/gaeltachtaneachreidh.ie\/wp-content\/uploads\/2026\/04\/siuloidmadra.jpg","width":1536,"height":2048},{"@type":"BreadcrumbList","@id":"https:\/\/gaeltachtaneachreidh.ie\/en\/walking-together-as-gaeilge-in-claregalway\/#breadcrumb","itemListElement":[{"@type":"ListItem","position":1,"name":"Home","item":"https:\/\/gaeltachtaneachreidh.ie\/en\/"},{"@type":"ListItem","position":2,"name":"Walking together &#8216;as Gaeilge&#8217; in the Claregalway sunshine"}]},{"@type":"WebSite","@id":"https:\/\/gaeltachtaneachreidh.ie\/#website","url":"https:\/\/gaeltachtaneachreidh.ie\/","name":"Gaeltacht U\u00ed Each\u00e9idh","description":"Limist\u00e9ar Plean\u00e1la Teanga Gaeltacht an Eachr\u00e9idh","publisher":{"@id":"https:\/\/gaeltachtaneachreidh.ie\/#organization"},"potentialAction":[{"@type":"SearchAction","target":{"@type":"EntryPoint","urlTemplate":"https:\/\/gaeltachtaneachreidh.ie\/?s={search_term_string}"},"query-input":{"@type":"PropertyValueSpecification","valueRequired":true,"valueName":"search_term_string"}}],"inLanguage":"en-US"},{"@type":"Organization","@id":"https:\/\/gaeltachtaneachreidh.ie\/#organization","name":"Gaeltacht U\u00ed Each\u00e9idh","url":"https:\/\/gaeltachtaneachreidh.ie\/","logo":{"@type":"ImageObject","inLanguage":"en-US","@id":"https:\/\/gaeltachtaneachreidh.ie\/#\/schema\/logo\/image\/","url":"https:\/\/gaeltachtaneachreidh.ie\/wp-content\/uploads\/2022\/12\/GaeltachtanEachreidh-logo-retina.png","contentUrl":"https:\/\/gaeltachtaneachreidh.ie\/wp-content\/uploads\/2022\/12\/GaeltachtanEachreidh-logo-retina.png","width":718,"height":200,"caption":"Gaeltacht U\u00ed Each\u00e9idh"},"image":{"@id":"https:\/\/gaeltachtaneachreidh.ie\/#\/schema\/logo\/image\/"},"sameAs":["https:\/\/www.facebook.com\/gaeltachtaneachreidh","https:\/\/x.com\/AnEachreidh","https:\/\/www.instagram.com\/gaeltachtaneachreidh\/","https:\/\/www.youtube.com\/@GaeltachtanEachridh-f6z"]},{"@type":"Person","@id":"https:\/\/gaeltachtaneachreidh.ie\/#\/schema\/person\/c1bd3579cbdf6961e7b4585a32e8fde3","name":"c t","image":{"@type":"ImageObject","inLanguage":"en-US","@id":"https:\/\/secure.gravatar.com\/avatar\/45587ab269f201f578a52ed70dcf2cf79bbec95a18732f3824f1c97e010357a7?s=96&d=mm&r=g","url":"https:\/\/secure.gravatar.com\/avatar\/45587ab269f201f578a52ed70dcf2cf79bbec95a18732f3824f1c97e010357a7?s=96&d=mm&r=g","contentUrl":"https:\/\/secure.gravatar.com\/avatar\/45587ab269f201f578a52ed70dcf2cf79bbec95a18732f3824f1c97e010357a7?s=96&d=mm&r=g","caption":"c t"},"url":"https:\/\/gaeltachtaneachreidh.ie\/en\/author\/admingae\/"}]}},"_links":{"self":[{"href":"https:\/\/gaeltachtaneachreidh.ie\/en\/wp-json\/wp\/v2\/posts\/2411","targetHints":{"allow":["GET"]}}],"collection":[{"href":"https:\/\/gaeltachtaneachreidh.ie\/en\/wp-json\/wp\/v2\/posts"}],"about":[{"href":"https:\/\/gaeltachtaneachreidh.ie\/en\/wp-json\/wp\/v2\/types\/post"}],"author":[{"embeddable":true,"href":"https:\/\/gaeltachtaneachreidh.ie\/en\/wp-json\/wp\/v2\/users\/3"}],"replies":[{"embeddable":true,"href":"https:\/\/gaeltachtaneachreidh.ie\/en\/wp-json\/wp\/v2\/comments?post=2411"}],"version-history":[{"count":3,"href":"https:\/\/gaeltachtaneachreidh.ie\/en\/wp-json\/wp\/v2\/posts\/2411\/revisions"}],"predecessor-version":[{"id":2424,"href":"https:\/\/gaeltachtaneachreidh.ie\/en\/wp-json\/wp\/v2\/posts\/2411\/revisions\/2424"}],"wp:featuredmedia":[{"embeddable":true,"href":"https:\/\/gaeltachtaneachreidh.ie\/en\/wp-json\/wp\/v2\/media\/2418"}],"wp:attachment":[{"href":"https:\/\/gaeltachtaneachreidh.ie\/en\/wp-json\/wp\/v2\/media?parent=2411"}],"wp:term":[{"taxonomy":"category","embeddable":true,"href":"https:\/\/gaeltachtaneachreidh.ie\/en\/wp-json\/wp\/v2\/categories?post=2411"},{"taxonomy":"post_tag","embeddable":true,"href":"https:\/\/gaeltachtaneachreidh.ie\/en\/wp-json\/wp\/v2\/tags?post=2411"}],"curies":[{"name":"wp","href":"https:\/\/api.w.org\/{rel}","templated":true}]}}