{"id":2399,"date":"2026-04-20T13:10:14","date_gmt":"2026-04-20T13:10:14","guid":{"rendered":"https:\/\/gaeltachtaneachreidh.ie\/ta-na-ranganna-gaeilge-ar-ais\/"},"modified":"2026-04-20T13:13:50","modified_gmt":"2026-04-20T13:13:50","slug":"our-irish-classes-return-to-claregalway","status":"publish","type":"post","link":"https:\/\/gaeltachtaneachreidh.ie\/en\/our-irish-classes-return-to-claregalway\/","title":{"rendered":"Our Irish classes return to Claregalway"},"content":{"rendered":"<p><img fetchpriority=\"high\" decoding=\"async\" class=\"alignnone size-medium wp-image-2396\" src=\"https:\/\/gaeltachtaneachreidh.ie\/wp-content\/uploads\/2026\/04\/NUA-Ranganna-Gaeilge-Tearma-3-600x540.jpg\" alt=\"\" width=\"600\" height=\"540\" \/><\/p>\n<p>Our Irish classes for adults at The Arches Hotel in Claregalway have been a huge success since we started them last October and we are delighted to announce that we are doing one more term of six weeks before the summer holidays.<\/p>\n<p>Local teacher M\u00e1ire Nic Oireachtaigh is taking charge of a new six-week term of classes on Tuesday evenings, starting on Tuesday, May 12.\u00a0 The first class is aimed at A1 (Beginners) and A2 (Elementary) learners, and you should have at least some Irish (even if it&#8217;s rusty Gaeilge from school) or previous attendance at evening classes to take part.<\/p>\n<p>The second level (B1) is for those who have some level of Irish and can describe experiences such as a day at work, school, etc. Perhaps you watch Ros na R\u00fan or understand some of the match commentaries on TG4. As our first two terms at The Arches Hotel sold out in advance, we are delighted to offer another round of classes before the summer.<\/p>\n<p>It is important to check your level before registering. (There is a link to a level test on the Eventbrite page). The cost of this six-week term is just \u20ac50.<\/p>\n<p>The beginners&#8217; class is from 7 to 8pm and the intermediate from 8.15 to 9.15pm. Please register for the correct class at this stage, as the previous term sold out well in advance! Our term ends on June 16.<\/p>\n<p>There was a wonderful atmosphere at these classes during the last eight-week term and we even made an appearance on Nuacht TG4, who were intrigued that there was such a demand for Irish classes in Gaeltacht an Eachr\u00e9idh!<\/p>\n<p><strong>Before registering, please check your level here:\u00a0<\/strong><\/p>\n<p><a href=\"https:\/\/www.gaelchultur.com\/en\/assessment\">https:\/\/www.gaelchultur.com\/en\/assessment<\/a><\/p>\n<p>If your score is A1 or A2, you should join the first class at 7pm.<\/p>\n<p>If your score is B1, and you have some understanding of Irish, the 8.15pm class is the one for you. Go raibh maith agaibh.<\/p>\n<p><strong>You can buy tickets for the six week term at this link:<\/strong><\/p>\n<p><a href=\"https:\/\/www.eventbrite.com\/e\/ranganna-gaeilge-le-maire-irish-classes-for-adults-in-claregalway-tickets-1987387241739\">https:\/\/www.eventbrite.com\/e\/ranganna-gaeilge-le-maire-irish-classes-for-adults-in-claregalway-tickets-1987387241739<\/a><\/p>\n<p>&nbsp;<\/p>\n<p>&nbsp;<\/p>\n<p><img decoding=\"async\" class=\"alignnone size-medium wp-image-2129 lazyload\" data-src=\"https:\/\/gaeltachtaneachreidh.ie\/wp-content\/uploads\/2026\/01\/idirmheanachwidergroup-1.jpg-1-600x540.jpg\" alt=\"\" width=\"600\" height=\"540\" src=\"data:image\/svg+xml;base64,PHN2ZyB3aWR0aD0iMSIgaGVpZ2h0PSIxIiB4bWxucz0iaHR0cDovL3d3dy53My5vcmcvMjAwMC9zdmciPjwvc3ZnPg==\" style=\"--smush-placeholder-width: 600px; --smush-placeholder-aspect-ratio: 600\/540;\" \/><\/p>\n<p><img decoding=\"async\" class=\"alignnone size-medium wp-image-2158 lazyload\" data-src=\"https:\/\/gaeltachtaneachreidh.ie\/wp-content\/uploads\/2026\/01\/00602224-0c1b-4d38-ba78-0a5d26ca0cbf-600x540.jpg\" alt=\"\" width=\"600\" height=\"540\" src=\"data:image\/svg+xml;base64,PHN2ZyB3aWR0aD0iMSIgaGVpZ2h0PSIxIiB4bWxucz0iaHR0cDovL3d3dy53My5vcmcvMjAwMC9zdmciPjwvc3ZnPg==\" style=\"--smush-placeholder-width: 600px; --smush-placeholder-aspect-ratio: 600\/540;\" \/><\/p>\n<p><img decoding=\"async\" class=\"alignnone size-medium wp-image-2152 lazyload\" data-src=\"https:\/\/gaeltachtaneachreidh.ie\/wp-content\/uploads\/2026\/01\/2df15fb7-8c30-43d7-aaac-7eb45143b5ad-600x540.jpg\" alt=\"\" width=\"600\" height=\"540\" src=\"data:image\/svg+xml;base64,PHN2ZyB3aWR0aD0iMSIgaGVpZ2h0PSIxIiB4bWxucz0iaHR0cDovL3d3dy53My5vcmcvMjAwMC9zdmciPjwvc3ZnPg==\" style=\"--smush-placeholder-width: 600px; --smush-placeholder-aspect-ratio: 600\/540;\" \/><\/p>\n","protected":false},"excerpt":{"rendered":"<p>Our Irish classes for adults at The Arches Hotel in Claregalway have been a huge success since we started them last October and we are delighted to announce that we [&hellip;]<\/p>\n","protected":false},"author":3,"featured_media":2153,"comment_status":"closed","ping_status":"open","sticky":false,"template":"","format":"standard","meta":{"footnotes":""},"categories":[120],"tags":[132,134,329,135,257,268,231,224],"class_list":["post-2399","post","type-post","status-publish","format-standard","has-post-thumbnail","hentry","category-news","tag-baile-chlair-en","tag-claregalway-en","tag-classes","tag-gaeilge-en","tag-galway","tag-irish","tag-ranganna-gaeilge","tag-the-arches-hotel-en"],"yoast_head":"<!-- This site is optimized with the Yoast SEO plugin v27.5 - https:\/\/yoast.com\/product\/yoast-seo-wordpress\/ -->\n<title>Our Irish classes return to Claregalway - Gaeltacht an Each\u00e9idh<\/title>\n<meta name=\"description\" content=\"Our Irish classes for adults at The Arches Hotel in Claregalway have been a huge success since we started them and we are delighted to announce a new term before the summer.\" \/>\n<meta name=\"robots\" content=\"index, follow, max-snippet:-1, max-image-preview:large, max-video-preview:-1\" \/>\n<link rel=\"canonical\" href=\"https:\/\/gaeltachtaneachreidh.ie\/en\/our-irish-classes-return-to-claregalway\/\" \/>\n<meta property=\"og:locale\" content=\"en_US\" \/>\n<meta property=\"og:type\" content=\"article\" \/>\n<meta property=\"og:title\" content=\"Our Irish classes return to Claregalway - Gaeltacht an Each\u00e9idh\" \/>\n<meta property=\"og:description\" content=\"Our Irish classes for adults at The Arches Hotel in Claregalway have been a huge success since we started them and we are delighted to announce a new term before the summer.\" \/>\n<meta property=\"og:url\" content=\"https:\/\/gaeltachtaneachreidh.ie\/en\/our-irish-classes-return-to-claregalway\/\" \/>\n<meta property=\"og:site_name\" content=\"Gaeltacht an Each\u00e9idh\" \/>\n<meta property=\"article:publisher\" content=\"https:\/\/www.facebook.com\/gaeltachtaneachreidh\" \/>\n<meta property=\"article:published_time\" content=\"2026-04-20T13:10:14+00:00\" \/>\n<meta property=\"article:modified_time\" content=\"2026-04-20T13:13:50+00:00\" \/>\n<meta property=\"og:image\" content=\"https:\/\/gaeltachtaneachreidh.ie\/wp-content\/uploads\/2026\/01\/2df15fb7-8c30-43d7-aaac-7eb45143b5ad.jpg\" \/>\n\t<meta property=\"og:image:width\" content=\"2040\" \/>\n\t<meta property=\"og:image:height\" content=\"1530\" \/>\n\t<meta property=\"og:image:type\" content=\"image\/jpeg\" \/>\n<meta name=\"author\" content=\"c t\" \/>\n<meta name=\"twitter:card\" content=\"summary_large_image\" \/>\n<meta name=\"twitter:creator\" content=\"@AnEachreidh\" \/>\n<meta name=\"twitter:site\" content=\"@AnEachreidh\" \/>\n<meta name=\"twitter:label1\" content=\"Written by\" \/>\n\t<meta name=\"twitter:data1\" content=\"c t\" \/>\n\t<meta name=\"twitter:label2\" content=\"Est. reading time\" \/>\n\t<meta name=\"twitter:data2\" content=\"3 minutes\" \/>\n<script type=\"application\/ld+json\" class=\"yoast-schema-graph\">{\"@context\":\"https:\\\/\\\/schema.org\",\"@graph\":[{\"@type\":\"Article\",\"@id\":\"https:\\\/\\\/gaeltachtaneachreidh.ie\\\/en\\\/our-irish-classes-return-to-claregalway\\\/#article\",\"isPartOf\":{\"@id\":\"https:\\\/\\\/gaeltachtaneachreidh.ie\\\/en\\\/our-irish-classes-return-to-claregalway\\\/\"},\"author\":{\"name\":\"c t\",\"@id\":\"https:\\\/\\\/gaeltachtaneachreidh.ie\\\/#\\\/schema\\\/person\\\/c1bd3579cbdf6961e7b4585a32e8fde3\"},\"headline\":\"Our Irish classes return to Claregalway\",\"datePublished\":\"2026-04-20T13:10:14+00:00\",\"dateModified\":\"2026-04-20T13:13:50+00:00\",\"mainEntityOfPage\":{\"@id\":\"https:\\\/\\\/gaeltachtaneachreidh.ie\\\/en\\\/our-irish-classes-return-to-claregalway\\\/\"},\"wordCount\":350,\"publisher\":{\"@id\":\"https:\\\/\\\/gaeltachtaneachreidh.ie\\\/#organization\"},\"image\":{\"@id\":\"https:\\\/\\\/gaeltachtaneachreidh.ie\\\/en\\\/our-irish-classes-return-to-claregalway\\\/#primaryimage\"},\"thumbnailUrl\":\"https:\\\/\\\/gaeltachtaneachreidh.ie\\\/wp-content\\\/uploads\\\/2026\\\/01\\\/2df15fb7-8c30-43d7-aaac-7eb45143b5ad.jpg\",\"keywords\":[\"Baile Chl\u00e1ir\",\"Claregalway\",\"classes\",\"Gaeilge\",\"Galway\",\"Irish\",\"ranganna Gaeilge\",\"The Arches Hotel\"],\"articleSection\":[\"News\"],\"inLanguage\":\"en-US\"},{\"@type\":\"WebPage\",\"@id\":\"https:\\\/\\\/gaeltachtaneachreidh.ie\\\/en\\\/our-irish-classes-return-to-claregalway\\\/\",\"url\":\"https:\\\/\\\/gaeltachtaneachreidh.ie\\\/en\\\/our-irish-classes-return-to-claregalway\\\/\",\"name\":\"Our Irish classes return to Claregalway - Gaeltacht an Each\u00e9idh\",\"isPartOf\":{\"@id\":\"https:\\\/\\\/gaeltachtaneachreidh.ie\\\/#website\"},\"primaryImageOfPage\":{\"@id\":\"https:\\\/\\\/gaeltachtaneachreidh.ie\\\/en\\\/our-irish-classes-return-to-claregalway\\\/#primaryimage\"},\"image\":{\"@id\":\"https:\\\/\\\/gaeltachtaneachreidh.ie\\\/en\\\/our-irish-classes-return-to-claregalway\\\/#primaryimage\"},\"thumbnailUrl\":\"https:\\\/\\\/gaeltachtaneachreidh.ie\\\/wp-content\\\/uploads\\\/2026\\\/01\\\/2df15fb7-8c30-43d7-aaac-7eb45143b5ad.jpg\",\"datePublished\":\"2026-04-20T13:10:14+00:00\",\"dateModified\":\"2026-04-20T13:13:50+00:00\",\"description\":\"Our Irish classes for adults at The Arches Hotel in Claregalway have been a huge success since we started them and we are delighted to announce a new term before the summer.\",\"breadcrumb\":{\"@id\":\"https:\\\/\\\/gaeltachtaneachreidh.ie\\\/en\\\/our-irish-classes-return-to-claregalway\\\/#breadcrumb\"},\"inLanguage\":\"en-US\",\"potentialAction\":[{\"@type\":\"ReadAction\",\"target\":[\"https:\\\/\\\/gaeltachtaneachreidh.ie\\\/en\\\/our-irish-classes-return-to-claregalway\\\/\"]}]},{\"@type\":\"ImageObject\",\"inLanguage\":\"en-US\",\"@id\":\"https:\\\/\\\/gaeltachtaneachreidh.ie\\\/en\\\/our-irish-classes-return-to-claregalway\\\/#primaryimage\",\"url\":\"https:\\\/\\\/gaeltachtaneachreidh.ie\\\/wp-content\\\/uploads\\\/2026\\\/01\\\/2df15fb7-8c30-43d7-aaac-7eb45143b5ad.jpg\",\"contentUrl\":\"https:\\\/\\\/gaeltachtaneachreidh.ie\\\/wp-content\\\/uploads\\\/2026\\\/01\\\/2df15fb7-8c30-43d7-aaac-7eb45143b5ad.jpg\",\"width\":2040,\"height\":1530},{\"@type\":\"BreadcrumbList\",\"@id\":\"https:\\\/\\\/gaeltachtaneachreidh.ie\\\/en\\\/our-irish-classes-return-to-claregalway\\\/#breadcrumb\",\"itemListElement\":[{\"@type\":\"ListItem\",\"position\":1,\"name\":\"Home\",\"item\":\"https:\\\/\\\/gaeltachtaneachreidh.ie\\\/en\\\/\"},{\"@type\":\"ListItem\",\"position\":2,\"name\":\"Our Irish classes return to Claregalway\"}]},{\"@type\":\"WebSite\",\"@id\":\"https:\\\/\\\/gaeltachtaneachreidh.ie\\\/#website\",\"url\":\"https:\\\/\\\/gaeltachtaneachreidh.ie\\\/\",\"name\":\"Gaeltacht U\u00ed Each\u00e9idh\",\"description\":\"Limist\u00e9ar Plean\u00e1la Teanga Gaeltacht an Eachr\u00e9idh\",\"publisher\":{\"@id\":\"https:\\\/\\\/gaeltachtaneachreidh.ie\\\/#organization\"},\"potentialAction\":[{\"@type\":\"SearchAction\",\"target\":{\"@type\":\"EntryPoint\",\"urlTemplate\":\"https:\\\/\\\/gaeltachtaneachreidh.ie\\\/?s={search_term_string}\"},\"query-input\":{\"@type\":\"PropertyValueSpecification\",\"valueRequired\":true,\"valueName\":\"search_term_string\"}}],\"inLanguage\":\"en-US\"},{\"@type\":\"Organization\",\"@id\":\"https:\\\/\\\/gaeltachtaneachreidh.ie\\\/#organization\",\"name\":\"Gaeltacht U\u00ed Each\u00e9idh\",\"url\":\"https:\\\/\\\/gaeltachtaneachreidh.ie\\\/\",\"logo\":{\"@type\":\"ImageObject\",\"inLanguage\":\"en-US\",\"@id\":\"https:\\\/\\\/gaeltachtaneachreidh.ie\\\/#\\\/schema\\\/logo\\\/image\\\/\",\"url\":\"https:\\\/\\\/gaeltachtaneachreidh.ie\\\/wp-content\\\/uploads\\\/2022\\\/12\\\/GaeltachtanEachreidh-logo-retina.png\",\"contentUrl\":\"https:\\\/\\\/gaeltachtaneachreidh.ie\\\/wp-content\\\/uploads\\\/2022\\\/12\\\/GaeltachtanEachreidh-logo-retina.png\",\"width\":718,\"height\":200,\"caption\":\"Gaeltacht U\u00ed Each\u00e9idh\"},\"image\":{\"@id\":\"https:\\\/\\\/gaeltachtaneachreidh.ie\\\/#\\\/schema\\\/logo\\\/image\\\/\"},\"sameAs\":[\"https:\\\/\\\/www.facebook.com\\\/gaeltachtaneachreidh\",\"https:\\\/\\\/x.com\\\/AnEachreidh\",\"https:\\\/\\\/www.instagram.com\\\/gaeltachtaneachreidh\\\/\",\"https:\\\/\\\/www.youtube.com\\\/@GaeltachtanEachridh-f6z\"]},{\"@type\":\"Person\",\"@id\":\"https:\\\/\\\/gaeltachtaneachreidh.ie\\\/#\\\/schema\\\/person\\\/c1bd3579cbdf6961e7b4585a32e8fde3\",\"name\":\"c t\",\"image\":{\"@type\":\"ImageObject\",\"inLanguage\":\"en-US\",\"@id\":\"https:\\\/\\\/secure.gravatar.com\\\/avatar\\\/45587ab269f201f578a52ed70dcf2cf79bbec95a18732f3824f1c97e010357a7?s=96&d=mm&r=g\",\"url\":\"https:\\\/\\\/secure.gravatar.com\\\/avatar\\\/45587ab269f201f578a52ed70dcf2cf79bbec95a18732f3824f1c97e010357a7?s=96&d=mm&r=g\",\"contentUrl\":\"https:\\\/\\\/secure.gravatar.com\\\/avatar\\\/45587ab269f201f578a52ed70dcf2cf79bbec95a18732f3824f1c97e010357a7?s=96&d=mm&r=g\",\"caption\":\"c t\"},\"url\":\"https:\\\/\\\/gaeltachtaneachreidh.ie\\\/en\\\/author\\\/admingae\\\/\"}]}<\/script>\n<!-- \/ Yoast SEO plugin. -->","yoast_head_json":{"title":"Our Irish classes return to Claregalway - Gaeltacht an Each\u00e9idh","description":"Our Irish classes for adults at The Arches Hotel in Claregalway have been a huge success since we started them and we are delighted to announce a new term before the summer.","robots":{"index":"index","follow":"follow","max-snippet":"max-snippet:-1","max-image-preview":"max-image-preview:large","max-video-preview":"max-video-preview:-1"},"canonical":"https:\/\/gaeltachtaneachreidh.ie\/en\/our-irish-classes-return-to-claregalway\/","og_locale":"en_US","og_type":"article","og_title":"Our Irish classes return to Claregalway - Gaeltacht an Each\u00e9idh","og_description":"Our Irish classes for adults at The Arches Hotel in Claregalway have been a huge success since we started them and we are delighted to announce a new term before the summer.","og_url":"https:\/\/gaeltachtaneachreidh.ie\/en\/our-irish-classes-return-to-claregalway\/","og_site_name":"Gaeltacht an Each\u00e9idh","article_publisher":"https:\/\/www.facebook.com\/gaeltachtaneachreidh","article_published_time":"2026-04-20T13:10:14+00:00","article_modified_time":"2026-04-20T13:13:50+00:00","og_image":[{"width":2040,"height":1530,"url":"https:\/\/gaeltachtaneachreidh.ie\/wp-content\/uploads\/2026\/01\/2df15fb7-8c30-43d7-aaac-7eb45143b5ad.jpg","type":"image\/jpeg"}],"author":"c t","twitter_card":"summary_large_image","twitter_creator":"@AnEachreidh","twitter_site":"@AnEachreidh","twitter_misc":{"Written by":"c t","Est. reading time":"3 minutes"},"schema":{"@context":"https:\/\/schema.org","@graph":[{"@type":"Article","@id":"https:\/\/gaeltachtaneachreidh.ie\/en\/our-irish-classes-return-to-claregalway\/#article","isPartOf":{"@id":"https:\/\/gaeltachtaneachreidh.ie\/en\/our-irish-classes-return-to-claregalway\/"},"author":{"name":"c t","@id":"https:\/\/gaeltachtaneachreidh.ie\/#\/schema\/person\/c1bd3579cbdf6961e7b4585a32e8fde3"},"headline":"Our Irish classes return to Claregalway","datePublished":"2026-04-20T13:10:14+00:00","dateModified":"2026-04-20T13:13:50+00:00","mainEntityOfPage":{"@id":"https:\/\/gaeltachtaneachreidh.ie\/en\/our-irish-classes-return-to-claregalway\/"},"wordCount":350,"publisher":{"@id":"https:\/\/gaeltachtaneachreidh.ie\/#organization"},"image":{"@id":"https:\/\/gaeltachtaneachreidh.ie\/en\/our-irish-classes-return-to-claregalway\/#primaryimage"},"thumbnailUrl":"https:\/\/gaeltachtaneachreidh.ie\/wp-content\/uploads\/2026\/01\/2df15fb7-8c30-43d7-aaac-7eb45143b5ad.jpg","keywords":["Baile Chl\u00e1ir","Claregalway","classes","Gaeilge","Galway","Irish","ranganna Gaeilge","The Arches Hotel"],"articleSection":["News"],"inLanguage":"en-US"},{"@type":"WebPage","@id":"https:\/\/gaeltachtaneachreidh.ie\/en\/our-irish-classes-return-to-claregalway\/","url":"https:\/\/gaeltachtaneachreidh.ie\/en\/our-irish-classes-return-to-claregalway\/","name":"Our Irish classes return to Claregalway - Gaeltacht an Each\u00e9idh","isPartOf":{"@id":"https:\/\/gaeltachtaneachreidh.ie\/#website"},"primaryImageOfPage":{"@id":"https:\/\/gaeltachtaneachreidh.ie\/en\/our-irish-classes-return-to-claregalway\/#primaryimage"},"image":{"@id":"https:\/\/gaeltachtaneachreidh.ie\/en\/our-irish-classes-return-to-claregalway\/#primaryimage"},"thumbnailUrl":"https:\/\/gaeltachtaneachreidh.ie\/wp-content\/uploads\/2026\/01\/2df15fb7-8c30-43d7-aaac-7eb45143b5ad.jpg","datePublished":"2026-04-20T13:10:14+00:00","dateModified":"2026-04-20T13:13:50+00:00","description":"Our Irish classes for adults at The Arches Hotel in Claregalway have been a huge success since we started them and we are delighted to announce a new term before the summer.","breadcrumb":{"@id":"https:\/\/gaeltachtaneachreidh.ie\/en\/our-irish-classes-return-to-claregalway\/#breadcrumb"},"inLanguage":"en-US","potentialAction":[{"@type":"ReadAction","target":["https:\/\/gaeltachtaneachreidh.ie\/en\/our-irish-classes-return-to-claregalway\/"]}]},{"@type":"ImageObject","inLanguage":"en-US","@id":"https:\/\/gaeltachtaneachreidh.ie\/en\/our-irish-classes-return-to-claregalway\/#primaryimage","url":"https:\/\/gaeltachtaneachreidh.ie\/wp-content\/uploads\/2026\/01\/2df15fb7-8c30-43d7-aaac-7eb45143b5ad.jpg","contentUrl":"https:\/\/gaeltachtaneachreidh.ie\/wp-content\/uploads\/2026\/01\/2df15fb7-8c30-43d7-aaac-7eb45143b5ad.jpg","width":2040,"height":1530},{"@type":"BreadcrumbList","@id":"https:\/\/gaeltachtaneachreidh.ie\/en\/our-irish-classes-return-to-claregalway\/#breadcrumb","itemListElement":[{"@type":"ListItem","position":1,"name":"Home","item":"https:\/\/gaeltachtaneachreidh.ie\/en\/"},{"@type":"ListItem","position":2,"name":"Our Irish classes return to Claregalway"}]},{"@type":"WebSite","@id":"https:\/\/gaeltachtaneachreidh.ie\/#website","url":"https:\/\/gaeltachtaneachreidh.ie\/","name":"Gaeltacht U\u00ed Each\u00e9idh","description":"Limist\u00e9ar Plean\u00e1la Teanga Gaeltacht an Eachr\u00e9idh","publisher":{"@id":"https:\/\/gaeltachtaneachreidh.ie\/#organization"},"potentialAction":[{"@type":"SearchAction","target":{"@type":"EntryPoint","urlTemplate":"https:\/\/gaeltachtaneachreidh.ie\/?s={search_term_string}"},"query-input":{"@type":"PropertyValueSpecification","valueRequired":true,"valueName":"search_term_string"}}],"inLanguage":"en-US"},{"@type":"Organization","@id":"https:\/\/gaeltachtaneachreidh.ie\/#organization","name":"Gaeltacht U\u00ed Each\u00e9idh","url":"https:\/\/gaeltachtaneachreidh.ie\/","logo":{"@type":"ImageObject","inLanguage":"en-US","@id":"https:\/\/gaeltachtaneachreidh.ie\/#\/schema\/logo\/image\/","url":"https:\/\/gaeltachtaneachreidh.ie\/wp-content\/uploads\/2022\/12\/GaeltachtanEachreidh-logo-retina.png","contentUrl":"https:\/\/gaeltachtaneachreidh.ie\/wp-content\/uploads\/2022\/12\/GaeltachtanEachreidh-logo-retina.png","width":718,"height":200,"caption":"Gaeltacht U\u00ed Each\u00e9idh"},"image":{"@id":"https:\/\/gaeltachtaneachreidh.ie\/#\/schema\/logo\/image\/"},"sameAs":["https:\/\/www.facebook.com\/gaeltachtaneachreidh","https:\/\/x.com\/AnEachreidh","https:\/\/www.instagram.com\/gaeltachtaneachreidh\/","https:\/\/www.youtube.com\/@GaeltachtanEachridh-f6z"]},{"@type":"Person","@id":"https:\/\/gaeltachtaneachreidh.ie\/#\/schema\/person\/c1bd3579cbdf6961e7b4585a32e8fde3","name":"c t","image":{"@type":"ImageObject","inLanguage":"en-US","@id":"https:\/\/secure.gravatar.com\/avatar\/45587ab269f201f578a52ed70dcf2cf79bbec95a18732f3824f1c97e010357a7?s=96&d=mm&r=g","url":"https:\/\/secure.gravatar.com\/avatar\/45587ab269f201f578a52ed70dcf2cf79bbec95a18732f3824f1c97e010357a7?s=96&d=mm&r=g","contentUrl":"https:\/\/secure.gravatar.com\/avatar\/45587ab269f201f578a52ed70dcf2cf79bbec95a18732f3824f1c97e010357a7?s=96&d=mm&r=g","caption":"c t"},"url":"https:\/\/gaeltachtaneachreidh.ie\/en\/author\/admingae\/"}]}},"_links":{"self":[{"href":"https:\/\/gaeltachtaneachreidh.ie\/en\/wp-json\/wp\/v2\/posts\/2399","targetHints":{"allow":["GET"]}}],"collection":[{"href":"https:\/\/gaeltachtaneachreidh.ie\/en\/wp-json\/wp\/v2\/posts"}],"about":[{"href":"https:\/\/gaeltachtaneachreidh.ie\/en\/wp-json\/wp\/v2\/types\/post"}],"author":[{"embeddable":true,"href":"https:\/\/gaeltachtaneachreidh.ie\/en\/wp-json\/wp\/v2\/users\/3"}],"replies":[{"embeddable":true,"href":"https:\/\/gaeltachtaneachreidh.ie\/en\/wp-json\/wp\/v2\/comments?post=2399"}],"version-history":[{"count":2,"href":"https:\/\/gaeltachtaneachreidh.ie\/en\/wp-json\/wp\/v2\/posts\/2399\/revisions"}],"predecessor-version":[{"id":2401,"href":"https:\/\/gaeltachtaneachreidh.ie\/en\/wp-json\/wp\/v2\/posts\/2399\/revisions\/2401"}],"wp:featuredmedia":[{"embeddable":true,"href":"https:\/\/gaeltachtaneachreidh.ie\/en\/wp-json\/wp\/v2\/media\/2153"}],"wp:attachment":[{"href":"https:\/\/gaeltachtaneachreidh.ie\/en\/wp-json\/wp\/v2\/media?parent=2399"}],"wp:term":[{"taxonomy":"category","embeddable":true,"href":"https:\/\/gaeltachtaneachreidh.ie\/en\/wp-json\/wp\/v2\/categories?post=2399"},{"taxonomy":"post_tag","embeddable":true,"href":"https:\/\/gaeltachtaneachreidh.ie\/en\/wp-json\/wp\/v2\/tags?post=2399"}],"curies":[{"name":"wp","href":"https:\/\/api.w.org\/{rel}","templated":true}]}}