{"id":2350,"date":"2026-04-14T15:50:17","date_gmt":"2026-04-14T15:50:17","guid":{"rendered":"https:\/\/gaeltachtaneachreidh.ie\/siulach-scealach-ar-an-gceadaion\/"},"modified":"2026-04-14T15:54:35","modified_gmt":"2026-04-14T15:54:35","slug":"walking-together-as-gaeilge-on-wednesdays","status":"publish","type":"post","link":"https:\/\/gaeltachtaneachreidh.ie\/en\/walking-together-as-gaeilge-on-wednesdays\/","title":{"rendered":"Walking together \u2018as Gaeilge\u2019 on Wednesdays"},"content":{"rendered":"<div id=\"attachment_2343\" style=\"width: 610px\" class=\"wp-caption alignnone\"><img fetchpriority=\"high\" decoding=\"async\" aria-describedby=\"caption-attachment-2343\" class=\"wp-image-2343 size-medium\" src=\"https:\/\/gaeltachtaneachreidh.ie\/wp-content\/uploads\/2026\/04\/johannes-plenio-pxEroa7lYx8-unsplash-2-600x540.jpg\" alt=\"\" width=\"600\" height=\"540\" \/><p id=\"caption-attachment-2343\" class=\"wp-caption-text\">Photo by Johannes Plenio on Unsplash<\/p><\/div>\n<p>How would you like to walk and speak (or learn) Irish at the same time?<\/p>\n<p>A new group which aims to encourage people to speak whatever Irish they have while walking together for an hour is coming together for the first time in Claregalway next Wednesday evening, April 22, at 7.30pm.<\/p>\n<p>The idea behind the \u2018Si\u00falach Sc\u00e9alach\u2019 is that people can relax and talk to one another in our native language while exercising and the organisers say you do not need to be fluent in Irish to take part.<\/p>\n<p>The group will meet up at the Claregalway GAA Centre in Knockdoe on Wednesday (7.30pm) for a one hour walk and organiser Gear\u00f3id O Fathaigh says that anyone with an interest in practicing or learning some Irish is more than welcome to take part.<\/p>\n<p>Participants will be paired together at the start and they will be encouraged to speak \u2018as Gaeilge\u2019 and learn from either other over the course of a one-hour walk.<\/p>\n<p>The idea is that people will get \u2018paired\u2019 with a new partner each week and each participant is invited to speak \u2018c\u00fapla focal\u2019 over the course of the walk.<\/p>\n<p>Everyone is welcome to take part in the walk, no matter what their level of Gaeilge, and Gearoid says it is a great way to meet people, to practice Irish, and to get some exercise.<\/p>\n<p>The concept of the walk is based on the Irish \u2018seanfhocal\u2019 \u201cAn t\u00e9 a bh\u00edonn si\u00falach, b\u00edonn sc\u00e9alach\u2019 which means that those who travel have stories to tell.<\/p>\n<p>It\u2019s a bit like a mobile conversation circle \u2018as Gaeilge\u2019. Instead of sitting together in a classroom or a hotel, people meet up and walk together, and practice their \u2018c\u00fapla focal\u2019 along the way.<\/p>\n<p>The \u2018Si\u00falach Sc\u00e9alach\u2019 is organised by Gaeltacht an Eachr\u00e9idh and it is hoped it will become a weekly event during the summer months if people enjoy taking part. All you have to do is turn up at the Claregalway GAA centre in Knockdoe on Wednesday evening. The Eircode is H91 E754.<\/p>\n<div id=\"attachment_2345\" style=\"width: 610px\" class=\"wp-caption alignnone\"><img decoding=\"async\" aria-describedby=\"caption-attachment-2345\" class=\"wp-image-2345 size-medium lazyload\" data-src=\"https:\/\/gaeltachtaneachreidh.ie\/wp-content\/uploads\/2026\/04\/aryaman-agarwal-L3c002kG2zs-unsplash-600x540.jpg\" alt=\"\" width=\"600\" height=\"540\" src=\"data:image\/svg+xml;base64,PHN2ZyB3aWR0aD0iMSIgaGVpZ2h0PSIxIiB4bWxucz0iaHR0cDovL3d3dy53My5vcmcvMjAwMC9zdmciPjwvc3ZnPg==\" style=\"--smush-placeholder-width: 600px; --smush-placeholder-aspect-ratio: 600\/540;\" \/><p id=\"caption-attachment-2345\" class=\"wp-caption-text\">Photo by Aryaman Agarwal on Unsplash<\/p><\/div>\n<p><img decoding=\"async\" class=\"alignnone size-medium wp-image-2347 lazyload\" data-src=\"https:\/\/gaeltachtaneachreidh.ie\/wp-content\/uploads\/2026\/04\/siulach-scealach-600x540.jpg\" alt=\"\" width=\"600\" height=\"540\" src=\"data:image\/svg+xml;base64,PHN2ZyB3aWR0aD0iMSIgaGVpZ2h0PSIxIiB4bWxucz0iaHR0cDovL3d3dy53My5vcmcvMjAwMC9zdmciPjwvc3ZnPg==\" style=\"--smush-placeholder-width: 600px; --smush-placeholder-aspect-ratio: 600\/540;\" \/><\/p>\n","protected":false},"excerpt":{"rendered":"<p>How would you like to walk and speak (or learn) Irish at the same time? A new group which aims to encourage people to speak whatever Irish they have while [&hellip;]<\/p>\n","protected":false},"author":3,"featured_media":2348,"comment_status":"closed","ping_status":"open","sticky":false,"template":"","format":"standard","meta":{"footnotes":""},"categories":[120],"tags":[132,157,315,316],"class_list":["post-2350","post","type-post","status-publish","format-standard","has-post-thumbnail","hentry","category-news","tag-baile-chlair-en","tag-gaillimh-en","tag-knockdoe","tag-siulach-scealach"],"yoast_head":"<!-- This site is optimized with the Yoast SEO plugin v27.5 - https:\/\/yoast.com\/product\/yoast-seo-wordpress\/ -->\n<title>Walking together \u2018as Gaeilge\u2019 on Wednesdays - Gaeltacht an Each\u00e9idh<\/title>\n<meta name=\"robots\" content=\"index, follow, max-snippet:-1, max-image-preview:large, max-video-preview:-1\" \/>\n<link rel=\"canonical\" href=\"https:\/\/gaeltachtaneachreidh.ie\/en\/walking-together-as-gaeilge-on-wednesdays\/\" \/>\n<meta property=\"og:locale\" content=\"en_US\" \/>\n<meta property=\"og:type\" content=\"article\" \/>\n<meta property=\"og:title\" content=\"Walking together \u2018as Gaeilge\u2019 on Wednesdays - Gaeltacht an Each\u00e9idh\" \/>\n<meta property=\"og:description\" content=\"How would you like to walk and speak (or learn) Irish at the same time? A new group which aims to encourage people to speak whatever Irish they have while [&hellip;]\" \/>\n<meta property=\"og:url\" content=\"https:\/\/gaeltachtaneachreidh.ie\/en\/walking-together-as-gaeilge-on-wednesdays\/\" \/>\n<meta property=\"og:site_name\" content=\"Gaeltacht an Each\u00e9idh\" \/>\n<meta property=\"article:publisher\" content=\"https:\/\/www.facebook.com\/gaeltachtaneachreidh\" \/>\n<meta property=\"article:published_time\" content=\"2026-04-14T15:50:17+00:00\" \/>\n<meta property=\"article:modified_time\" content=\"2026-04-14T15:54:35+00:00\" \/>\n<meta property=\"og:image\" content=\"https:\/\/gaeltachtaneachreidh.ie\/wp-content\/uploads\/2026\/04\/siulach-scealach.jpg\" \/>\n\t<meta property=\"og:image:width\" content=\"1080\" \/>\n\t<meta property=\"og:image:height\" content=\"1350\" \/>\n\t<meta property=\"og:image:type\" content=\"image\/jpeg\" \/>\n<meta name=\"author\" content=\"c t\" \/>\n<meta name=\"twitter:card\" content=\"summary_large_image\" \/>\n<meta name=\"twitter:creator\" content=\"@AnEachreidh\" \/>\n<meta name=\"twitter:site\" content=\"@AnEachreidh\" \/>\n<meta name=\"twitter:label1\" content=\"Written by\" \/>\n\t<meta name=\"twitter:data1\" content=\"c t\" \/>\n\t<meta name=\"twitter:label2\" content=\"Est. reading time\" \/>\n\t<meta name=\"twitter:data2\" content=\"3 minutes\" \/>\n<script type=\"application\/ld+json\" class=\"yoast-schema-graph\">{\"@context\":\"https:\\\/\\\/schema.org\",\"@graph\":[{\"@type\":\"Article\",\"@id\":\"https:\\\/\\\/gaeltachtaneachreidh.ie\\\/en\\\/walking-together-as-gaeilge-on-wednesdays\\\/#article\",\"isPartOf\":{\"@id\":\"https:\\\/\\\/gaeltachtaneachreidh.ie\\\/en\\\/walking-together-as-gaeilge-on-wednesdays\\\/\"},\"author\":{\"name\":\"c t\",\"@id\":\"https:\\\/\\\/gaeltachtaneachreidh.ie\\\/#\\\/schema\\\/person\\\/c1bd3579cbdf6961e7b4585a32e8fde3\"},\"headline\":\"Walking together \u2018as Gaeilge\u2019 on Wednesdays\",\"datePublished\":\"2026-04-14T15:50:17+00:00\",\"dateModified\":\"2026-04-14T15:54:35+00:00\",\"mainEntityOfPage\":{\"@id\":\"https:\\\/\\\/gaeltachtaneachreidh.ie\\\/en\\\/walking-together-as-gaeilge-on-wednesdays\\\/\"},\"wordCount\":383,\"publisher\":{\"@id\":\"https:\\\/\\\/gaeltachtaneachreidh.ie\\\/#organization\"},\"image\":{\"@id\":\"https:\\\/\\\/gaeltachtaneachreidh.ie\\\/en\\\/walking-together-as-gaeilge-on-wednesdays\\\/#primaryimage\"},\"thumbnailUrl\":\"https:\\\/\\\/gaeltachtaneachreidh.ie\\\/wp-content\\\/uploads\\\/2026\\\/04\\\/siulach-scealach.jpg\",\"keywords\":[\"Baile Chl\u00e1ir\",\"Gaillimh\",\"Knockdoe\",\"Si\u00falach Sc\u00e9alach\"],\"articleSection\":[\"News\"],\"inLanguage\":\"en-US\"},{\"@type\":\"WebPage\",\"@id\":\"https:\\\/\\\/gaeltachtaneachreidh.ie\\\/en\\\/walking-together-as-gaeilge-on-wednesdays\\\/\",\"url\":\"https:\\\/\\\/gaeltachtaneachreidh.ie\\\/en\\\/walking-together-as-gaeilge-on-wednesdays\\\/\",\"name\":\"Walking together \u2018as Gaeilge\u2019 on Wednesdays - Gaeltacht an Each\u00e9idh\",\"isPartOf\":{\"@id\":\"https:\\\/\\\/gaeltachtaneachreidh.ie\\\/#website\"},\"primaryImageOfPage\":{\"@id\":\"https:\\\/\\\/gaeltachtaneachreidh.ie\\\/en\\\/walking-together-as-gaeilge-on-wednesdays\\\/#primaryimage\"},\"image\":{\"@id\":\"https:\\\/\\\/gaeltachtaneachreidh.ie\\\/en\\\/walking-together-as-gaeilge-on-wednesdays\\\/#primaryimage\"},\"thumbnailUrl\":\"https:\\\/\\\/gaeltachtaneachreidh.ie\\\/wp-content\\\/uploads\\\/2026\\\/04\\\/siulach-scealach.jpg\",\"datePublished\":\"2026-04-14T15:50:17+00:00\",\"dateModified\":\"2026-04-14T15:54:35+00:00\",\"breadcrumb\":{\"@id\":\"https:\\\/\\\/gaeltachtaneachreidh.ie\\\/en\\\/walking-together-as-gaeilge-on-wednesdays\\\/#breadcrumb\"},\"inLanguage\":\"en-US\",\"potentialAction\":[{\"@type\":\"ReadAction\",\"target\":[\"https:\\\/\\\/gaeltachtaneachreidh.ie\\\/en\\\/walking-together-as-gaeilge-on-wednesdays\\\/\"]}]},{\"@type\":\"ImageObject\",\"inLanguage\":\"en-US\",\"@id\":\"https:\\\/\\\/gaeltachtaneachreidh.ie\\\/en\\\/walking-together-as-gaeilge-on-wednesdays\\\/#primaryimage\",\"url\":\"https:\\\/\\\/gaeltachtaneachreidh.ie\\\/wp-content\\\/uploads\\\/2026\\\/04\\\/siulach-scealach.jpg\",\"contentUrl\":\"https:\\\/\\\/gaeltachtaneachreidh.ie\\\/wp-content\\\/uploads\\\/2026\\\/04\\\/siulach-scealach.jpg\",\"width\":1080,\"height\":1350},{\"@type\":\"BreadcrumbList\",\"@id\":\"https:\\\/\\\/gaeltachtaneachreidh.ie\\\/en\\\/walking-together-as-gaeilge-on-wednesdays\\\/#breadcrumb\",\"itemListElement\":[{\"@type\":\"ListItem\",\"position\":1,\"name\":\"Home\",\"item\":\"https:\\\/\\\/gaeltachtaneachreidh.ie\\\/en\\\/\"},{\"@type\":\"ListItem\",\"position\":2,\"name\":\"Walking together \u2018as Gaeilge\u2019 on Wednesdays\"}]},{\"@type\":\"WebSite\",\"@id\":\"https:\\\/\\\/gaeltachtaneachreidh.ie\\\/#website\",\"url\":\"https:\\\/\\\/gaeltachtaneachreidh.ie\\\/\",\"name\":\"Gaeltacht U\u00ed Each\u00e9idh\",\"description\":\"Limist\u00e9ar Plean\u00e1la Teanga Gaeltacht an Eachr\u00e9idh\",\"publisher\":{\"@id\":\"https:\\\/\\\/gaeltachtaneachreidh.ie\\\/#organization\"},\"potentialAction\":[{\"@type\":\"SearchAction\",\"target\":{\"@type\":\"EntryPoint\",\"urlTemplate\":\"https:\\\/\\\/gaeltachtaneachreidh.ie\\\/?s={search_term_string}\"},\"query-input\":{\"@type\":\"PropertyValueSpecification\",\"valueRequired\":true,\"valueName\":\"search_term_string\"}}],\"inLanguage\":\"en-US\"},{\"@type\":\"Organization\",\"@id\":\"https:\\\/\\\/gaeltachtaneachreidh.ie\\\/#organization\",\"name\":\"Gaeltacht U\u00ed Each\u00e9idh\",\"url\":\"https:\\\/\\\/gaeltachtaneachreidh.ie\\\/\",\"logo\":{\"@type\":\"ImageObject\",\"inLanguage\":\"en-US\",\"@id\":\"https:\\\/\\\/gaeltachtaneachreidh.ie\\\/#\\\/schema\\\/logo\\\/image\\\/\",\"url\":\"https:\\\/\\\/gaeltachtaneachreidh.ie\\\/wp-content\\\/uploads\\\/2022\\\/12\\\/GaeltachtanEachreidh-logo-retina.png\",\"contentUrl\":\"https:\\\/\\\/gaeltachtaneachreidh.ie\\\/wp-content\\\/uploads\\\/2022\\\/12\\\/GaeltachtanEachreidh-logo-retina.png\",\"width\":718,\"height\":200,\"caption\":\"Gaeltacht U\u00ed Each\u00e9idh\"},\"image\":{\"@id\":\"https:\\\/\\\/gaeltachtaneachreidh.ie\\\/#\\\/schema\\\/logo\\\/image\\\/\"},\"sameAs\":[\"https:\\\/\\\/www.facebook.com\\\/gaeltachtaneachreidh\",\"https:\\\/\\\/x.com\\\/AnEachreidh\",\"https:\\\/\\\/www.instagram.com\\\/gaeltachtaneachreidh\\\/\",\"https:\\\/\\\/www.youtube.com\\\/@GaeltachtanEachridh-f6z\"]},{\"@type\":\"Person\",\"@id\":\"https:\\\/\\\/gaeltachtaneachreidh.ie\\\/#\\\/schema\\\/person\\\/c1bd3579cbdf6961e7b4585a32e8fde3\",\"name\":\"c t\",\"image\":{\"@type\":\"ImageObject\",\"inLanguage\":\"en-US\",\"@id\":\"https:\\\/\\\/secure.gravatar.com\\\/avatar\\\/45587ab269f201f578a52ed70dcf2cf79bbec95a18732f3824f1c97e010357a7?s=96&d=mm&r=g\",\"url\":\"https:\\\/\\\/secure.gravatar.com\\\/avatar\\\/45587ab269f201f578a52ed70dcf2cf79bbec95a18732f3824f1c97e010357a7?s=96&d=mm&r=g\",\"contentUrl\":\"https:\\\/\\\/secure.gravatar.com\\\/avatar\\\/45587ab269f201f578a52ed70dcf2cf79bbec95a18732f3824f1c97e010357a7?s=96&d=mm&r=g\",\"caption\":\"c t\"},\"url\":\"https:\\\/\\\/gaeltachtaneachreidh.ie\\\/en\\\/author\\\/admingae\\\/\"}]}<\/script>\n<!-- \/ Yoast SEO plugin. -->","yoast_head_json":{"title":"Walking together \u2018as Gaeilge\u2019 on Wednesdays - Gaeltacht an Each\u00e9idh","robots":{"index":"index","follow":"follow","max-snippet":"max-snippet:-1","max-image-preview":"max-image-preview:large","max-video-preview":"max-video-preview:-1"},"canonical":"https:\/\/gaeltachtaneachreidh.ie\/en\/walking-together-as-gaeilge-on-wednesdays\/","og_locale":"en_US","og_type":"article","og_title":"Walking together \u2018as Gaeilge\u2019 on Wednesdays - Gaeltacht an Each\u00e9idh","og_description":"How would you like to walk and speak (or learn) Irish at the same time? A new group which aims to encourage people to speak whatever Irish they have while [&hellip;]","og_url":"https:\/\/gaeltachtaneachreidh.ie\/en\/walking-together-as-gaeilge-on-wednesdays\/","og_site_name":"Gaeltacht an Each\u00e9idh","article_publisher":"https:\/\/www.facebook.com\/gaeltachtaneachreidh","article_published_time":"2026-04-14T15:50:17+00:00","article_modified_time":"2026-04-14T15:54:35+00:00","og_image":[{"width":1080,"height":1350,"url":"https:\/\/gaeltachtaneachreidh.ie\/wp-content\/uploads\/2026\/04\/siulach-scealach.jpg","type":"image\/jpeg"}],"author":"c t","twitter_card":"summary_large_image","twitter_creator":"@AnEachreidh","twitter_site":"@AnEachreidh","twitter_misc":{"Written by":"c t","Est. reading time":"3 minutes"},"schema":{"@context":"https:\/\/schema.org","@graph":[{"@type":"Article","@id":"https:\/\/gaeltachtaneachreidh.ie\/en\/walking-together-as-gaeilge-on-wednesdays\/#article","isPartOf":{"@id":"https:\/\/gaeltachtaneachreidh.ie\/en\/walking-together-as-gaeilge-on-wednesdays\/"},"author":{"name":"c t","@id":"https:\/\/gaeltachtaneachreidh.ie\/#\/schema\/person\/c1bd3579cbdf6961e7b4585a32e8fde3"},"headline":"Walking together \u2018as Gaeilge\u2019 on Wednesdays","datePublished":"2026-04-14T15:50:17+00:00","dateModified":"2026-04-14T15:54:35+00:00","mainEntityOfPage":{"@id":"https:\/\/gaeltachtaneachreidh.ie\/en\/walking-together-as-gaeilge-on-wednesdays\/"},"wordCount":383,"publisher":{"@id":"https:\/\/gaeltachtaneachreidh.ie\/#organization"},"image":{"@id":"https:\/\/gaeltachtaneachreidh.ie\/en\/walking-together-as-gaeilge-on-wednesdays\/#primaryimage"},"thumbnailUrl":"https:\/\/gaeltachtaneachreidh.ie\/wp-content\/uploads\/2026\/04\/siulach-scealach.jpg","keywords":["Baile Chl\u00e1ir","Gaillimh","Knockdoe","Si\u00falach Sc\u00e9alach"],"articleSection":["News"],"inLanguage":"en-US"},{"@type":"WebPage","@id":"https:\/\/gaeltachtaneachreidh.ie\/en\/walking-together-as-gaeilge-on-wednesdays\/","url":"https:\/\/gaeltachtaneachreidh.ie\/en\/walking-together-as-gaeilge-on-wednesdays\/","name":"Walking together \u2018as Gaeilge\u2019 on Wednesdays - Gaeltacht an Each\u00e9idh","isPartOf":{"@id":"https:\/\/gaeltachtaneachreidh.ie\/#website"},"primaryImageOfPage":{"@id":"https:\/\/gaeltachtaneachreidh.ie\/en\/walking-together-as-gaeilge-on-wednesdays\/#primaryimage"},"image":{"@id":"https:\/\/gaeltachtaneachreidh.ie\/en\/walking-together-as-gaeilge-on-wednesdays\/#primaryimage"},"thumbnailUrl":"https:\/\/gaeltachtaneachreidh.ie\/wp-content\/uploads\/2026\/04\/siulach-scealach.jpg","datePublished":"2026-04-14T15:50:17+00:00","dateModified":"2026-04-14T15:54:35+00:00","breadcrumb":{"@id":"https:\/\/gaeltachtaneachreidh.ie\/en\/walking-together-as-gaeilge-on-wednesdays\/#breadcrumb"},"inLanguage":"en-US","potentialAction":[{"@type":"ReadAction","target":["https:\/\/gaeltachtaneachreidh.ie\/en\/walking-together-as-gaeilge-on-wednesdays\/"]}]},{"@type":"ImageObject","inLanguage":"en-US","@id":"https:\/\/gaeltachtaneachreidh.ie\/en\/walking-together-as-gaeilge-on-wednesdays\/#primaryimage","url":"https:\/\/gaeltachtaneachreidh.ie\/wp-content\/uploads\/2026\/04\/siulach-scealach.jpg","contentUrl":"https:\/\/gaeltachtaneachreidh.ie\/wp-content\/uploads\/2026\/04\/siulach-scealach.jpg","width":1080,"height":1350},{"@type":"BreadcrumbList","@id":"https:\/\/gaeltachtaneachreidh.ie\/en\/walking-together-as-gaeilge-on-wednesdays\/#breadcrumb","itemListElement":[{"@type":"ListItem","position":1,"name":"Home","item":"https:\/\/gaeltachtaneachreidh.ie\/en\/"},{"@type":"ListItem","position":2,"name":"Walking together \u2018as Gaeilge\u2019 on Wednesdays"}]},{"@type":"WebSite","@id":"https:\/\/gaeltachtaneachreidh.ie\/#website","url":"https:\/\/gaeltachtaneachreidh.ie\/","name":"Gaeltacht U\u00ed Each\u00e9idh","description":"Limist\u00e9ar Plean\u00e1la Teanga Gaeltacht an Eachr\u00e9idh","publisher":{"@id":"https:\/\/gaeltachtaneachreidh.ie\/#organization"},"potentialAction":[{"@type":"SearchAction","target":{"@type":"EntryPoint","urlTemplate":"https:\/\/gaeltachtaneachreidh.ie\/?s={search_term_string}"},"query-input":{"@type":"PropertyValueSpecification","valueRequired":true,"valueName":"search_term_string"}}],"inLanguage":"en-US"},{"@type":"Organization","@id":"https:\/\/gaeltachtaneachreidh.ie\/#organization","name":"Gaeltacht U\u00ed Each\u00e9idh","url":"https:\/\/gaeltachtaneachreidh.ie\/","logo":{"@type":"ImageObject","inLanguage":"en-US","@id":"https:\/\/gaeltachtaneachreidh.ie\/#\/schema\/logo\/image\/","url":"https:\/\/gaeltachtaneachreidh.ie\/wp-content\/uploads\/2022\/12\/GaeltachtanEachreidh-logo-retina.png","contentUrl":"https:\/\/gaeltachtaneachreidh.ie\/wp-content\/uploads\/2022\/12\/GaeltachtanEachreidh-logo-retina.png","width":718,"height":200,"caption":"Gaeltacht U\u00ed Each\u00e9idh"},"image":{"@id":"https:\/\/gaeltachtaneachreidh.ie\/#\/schema\/logo\/image\/"},"sameAs":["https:\/\/www.facebook.com\/gaeltachtaneachreidh","https:\/\/x.com\/AnEachreidh","https:\/\/www.instagram.com\/gaeltachtaneachreidh\/","https:\/\/www.youtube.com\/@GaeltachtanEachridh-f6z"]},{"@type":"Person","@id":"https:\/\/gaeltachtaneachreidh.ie\/#\/schema\/person\/c1bd3579cbdf6961e7b4585a32e8fde3","name":"c t","image":{"@type":"ImageObject","inLanguage":"en-US","@id":"https:\/\/secure.gravatar.com\/avatar\/45587ab269f201f578a52ed70dcf2cf79bbec95a18732f3824f1c97e010357a7?s=96&d=mm&r=g","url":"https:\/\/secure.gravatar.com\/avatar\/45587ab269f201f578a52ed70dcf2cf79bbec95a18732f3824f1c97e010357a7?s=96&d=mm&r=g","contentUrl":"https:\/\/secure.gravatar.com\/avatar\/45587ab269f201f578a52ed70dcf2cf79bbec95a18732f3824f1c97e010357a7?s=96&d=mm&r=g","caption":"c t"},"url":"https:\/\/gaeltachtaneachreidh.ie\/en\/author\/admingae\/"}]}},"_links":{"self":[{"href":"https:\/\/gaeltachtaneachreidh.ie\/en\/wp-json\/wp\/v2\/posts\/2350","targetHints":{"allow":["GET"]}}],"collection":[{"href":"https:\/\/gaeltachtaneachreidh.ie\/en\/wp-json\/wp\/v2\/posts"}],"about":[{"href":"https:\/\/gaeltachtaneachreidh.ie\/en\/wp-json\/wp\/v2\/types\/post"}],"author":[{"embeddable":true,"href":"https:\/\/gaeltachtaneachreidh.ie\/en\/wp-json\/wp\/v2\/users\/3"}],"replies":[{"embeddable":true,"href":"https:\/\/gaeltachtaneachreidh.ie\/en\/wp-json\/wp\/v2\/comments?post=2350"}],"version-history":[{"count":2,"href":"https:\/\/gaeltachtaneachreidh.ie\/en\/wp-json\/wp\/v2\/posts\/2350\/revisions"}],"predecessor-version":[{"id":2352,"href":"https:\/\/gaeltachtaneachreidh.ie\/en\/wp-json\/wp\/v2\/posts\/2350\/revisions\/2352"}],"wp:featuredmedia":[{"embeddable":true,"href":"https:\/\/gaeltachtaneachreidh.ie\/en\/wp-json\/wp\/v2\/media\/2348"}],"wp:attachment":[{"href":"https:\/\/gaeltachtaneachreidh.ie\/en\/wp-json\/wp\/v2\/media?parent=2350"}],"wp:term":[{"taxonomy":"category","embeddable":true,"href":"https:\/\/gaeltachtaneachreidh.ie\/en\/wp-json\/wp\/v2\/categories?post=2350"},{"taxonomy":"post_tag","embeddable":true,"href":"https:\/\/gaeltachtaneachreidh.ie\/en\/wp-json\/wp\/v2\/tags?post=2350"}],"curies":[{"name":"wp","href":"https:\/\/api.w.org\/{rel}","templated":true}]}}