{"id":2148,"date":"2026-01-13T12:25:17","date_gmt":"2026-01-13T12:25:17","guid":{"rendered":"https:\/\/gaeltachtaneachreidh.ie\/bigi-linn-ag-ostan-na-nairsi\/"},"modified":"2026-01-13T12:30:14","modified_gmt":"2026-01-13T12:30:14","slug":"join-us-at-the-arches-hotel","status":"publish","type":"post","link":"https:\/\/gaeltachtaneachreidh.ie\/en\/join-us-at-the-arches-hotel\/","title":{"rendered":"Join us at The Arches Hotel"},"content":{"rendered":"<p><img fetchpriority=\"high\" decoding=\"async\" class=\"alignnone size-medium wp-image-2145\" src=\"https:\/\/gaeltachtaneachreidh.ie\/wp-content\/uploads\/2026\/01\/arches2barbara.jpg-600x540.jpg\" alt=\"\" width=\"600\" height=\"540\" \/><\/p>\n<p>All across the country, more and more people are taking in part in Irish language \u2018Conversation Circles\u2019 which allow them to practice and improve their use of our native language in a friendly and welcoming setting.<\/p>\n<p>And in late February 2025, we started a new \u2018Ciorcal Comhr\u00e1\u2019 at The Arches Hotel in Claregalway which has continued to attract a friendly mix of Gaeilgoirs throughout the past year on Thursday nights.<\/p>\n<p>If one of your ambitions for 2026 is to practice or improve your Irish, then why not pay us a visit on Thursday evening?<\/p>\n<p>Our weekly \u2018Ciorcal Comhr\u00e1\u2019 has been a huge success at The Arches since we held our first \u2018Pop Up Gaeltacht\u2019 there, attended by 40 people, back at the end of February.<\/p>\n<p>Every Thursday night, Irish language enthusiasts meet up at the hotel \u2013 which has strong family links with the Irish language in this Gaeltacht area \u2013 for an hour of conversation at 8pm.<\/p>\n<p>The same venue, The Arches, also hosts our weekly Irish language classes which sold out in advance of the start of the new term this (Tuesday) evening.<\/p>\n<p>Our host Barbara Ni cDhonnacha is very welcoming and tries to ensure that everyone\u2019s voice is heard. The event attracts a lovely mix of people from native Irish speakers to people who are attending our Tuesday classes and may not be fluent in the language.<\/p>\n<p>Indeed, you don\u2019t have to be fluent to take part.<\/p>\n<p>\u201cUntil we started the \u2018Ciorcal Comhr\u00e1\u2019 at The Arches Hotel, I was not even sure that there was an appetite to revive the Irish language around Gaeltacht an Eachr\u00e9idh,\u201d says Ciaran Tierney, our Irish language planning offfcer.<\/p>\n<p>\u201cI was so thrilled when 40 people turned up for that first \u2018Pop Up Gaeltacht\u2019 back at the end of the February. There was such a happy atmosphere in the room and people were thrilled to have the chance to speak Irish in a welcoming social setting.\u201d<\/p>\n<p>While the weekly \u2018Ciorcal Comhr\u00e1\u2019 might not always attract 40 people, it attracts a very nice group of Irish language speakers and learners, and those who might be a bit \u2018rusty\u2019, every week.<\/p>\n<p>Our friendly weekly gathering is back at The Arches Hotel this Thursday, for at least the next eight weeks, and all are welcome.<\/p>\n<p><img decoding=\"async\" class=\"alignnone size-medium wp-image-910 lazyload\" data-src=\"https:\/\/gaeltachtaneachreidh.ie\/wp-content\/uploads\/2025\/03\/Gaeltacht-an-Eachreidh-pug2-600x540.jpg\" alt=\"\" width=\"600\" height=\"540\" src=\"data:image\/svg+xml;base64,PHN2ZyB3aWR0aD0iMSIgaGVpZ2h0PSIxIiB4bWxucz0iaHR0cDovL3d3dy53My5vcmcvMjAwMC9zdmciPjwvc3ZnPg==\" style=\"--smush-placeholder-width: 600px; --smush-placeholder-aspect-ratio: 600\/540;\" \/><\/p>\n<p><img decoding=\"async\" class=\"alignnone size-medium wp-image-1597 lazyload\" data-src=\"https:\/\/gaeltachtaneachreidh.ie\/wp-content\/uploads\/2025\/05\/arches0805.jpg-600x540.jpg\" alt=\"\" width=\"600\" height=\"540\" src=\"data:image\/svg+xml;base64,PHN2ZyB3aWR0aD0iMSIgaGVpZ2h0PSIxIiB4bWxucz0iaHR0cDovL3d3dy53My5vcmcvMjAwMC9zdmciPjwvc3ZnPg==\" style=\"--smush-placeholder-width: 600px; --smush-placeholder-aspect-ratio: 600\/540;\" \/><\/p>\n<p><img decoding=\"async\" class=\"alignnone size-medium wp-image-2028 lazyload\" data-src=\"https:\/\/gaeltachtaneachreidh.ie\/wp-content\/uploads\/2025\/11\/Ciorcal-comhra-600x540.png\" alt=\"\" width=\"600\" height=\"540\" src=\"data:image\/svg+xml;base64,PHN2ZyB3aWR0aD0iMSIgaGVpZ2h0PSIxIiB4bWxucz0iaHR0cDovL3d3dy53My5vcmcvMjAwMC9zdmciPjwvc3ZnPg==\" style=\"--smush-placeholder-width: 600px; --smush-placeholder-aspect-ratio: 600\/540;\" \/><\/p>\n","protected":false},"excerpt":{"rendered":"<p>All across the country, more and more people are taking in part in Irish language \u2018Conversation Circles\u2019 which allow them to practice and improve their use of our native language [&hellip;]<\/p>\n","protected":false},"author":3,"featured_media":2027,"comment_status":"closed","ping_status":"open","sticky":false,"template":"","format":"standard","meta":{"footnotes":""},"categories":[118,120],"tags":[133,134,224],"class_list":["post-2148","post","type-post","status-publish","format-standard","has-post-thumbnail","hentry","category-events-blog","category-news","tag-ciorcal-comhra-en","tag-claregalway-en","tag-the-arches-hotel-en"],"yoast_head":"<!-- This site is optimized with the Yoast SEO plugin v27.5 - https:\/\/yoast.com\/product\/yoast-seo-wordpress\/ -->\n<title>Join us at The Arches Hotel - Gaeltacht an Each\u00e9idh<\/title>\n<meta name=\"robots\" content=\"index, follow, max-snippet:-1, max-image-preview:large, max-video-preview:-1\" \/>\n<link rel=\"canonical\" href=\"https:\/\/gaeltachtaneachreidh.ie\/en\/join-us-at-the-arches-hotel\/\" \/>\n<meta property=\"og:locale\" content=\"en_US\" \/>\n<meta property=\"og:type\" content=\"article\" \/>\n<meta property=\"og:title\" content=\"Join us at The Arches Hotel - Gaeltacht an Each\u00e9idh\" \/>\n<meta property=\"og:description\" content=\"All across the country, more and more people are taking in part in Irish language \u2018Conversation Circles\u2019 which allow them to practice and improve their use of our native language [&hellip;]\" \/>\n<meta property=\"og:url\" content=\"https:\/\/gaeltachtaneachreidh.ie\/en\/join-us-at-the-arches-hotel\/\" \/>\n<meta property=\"og:site_name\" content=\"Gaeltacht an Each\u00e9idh\" \/>\n<meta property=\"article:publisher\" content=\"https:\/\/www.facebook.com\/gaeltachtaneachreidh\" \/>\n<meta property=\"article:published_time\" content=\"2026-01-13T12:25:17+00:00\" \/>\n<meta property=\"article:modified_time\" content=\"2026-01-13T12:30:14+00:00\" \/>\n<meta property=\"og:image\" content=\"https:\/\/gaeltachtaneachreidh.ie\/wp-content\/uploads\/2025\/11\/Ciorcal-comhra.png\" \/>\n\t<meta property=\"og:image:width\" content=\"1080\" \/>\n\t<meta property=\"og:image:height\" content=\"1080\" \/>\n\t<meta property=\"og:image:type\" content=\"image\/png\" \/>\n<meta name=\"author\" content=\"c t\" \/>\n<meta name=\"twitter:card\" content=\"summary_large_image\" \/>\n<meta name=\"twitter:creator\" content=\"@AnEachreidh\" \/>\n<meta name=\"twitter:site\" content=\"@AnEachreidh\" \/>\n<meta name=\"twitter:label1\" content=\"Written by\" \/>\n\t<meta name=\"twitter:data1\" content=\"c t\" \/>\n\t<meta name=\"twitter:label2\" content=\"Est. reading time\" \/>\n\t<meta name=\"twitter:data2\" content=\"4 minutes\" \/>\n<script type=\"application\/ld+json\" class=\"yoast-schema-graph\">{\"@context\":\"https:\\\/\\\/schema.org\",\"@graph\":[{\"@type\":\"Article\",\"@id\":\"https:\\\/\\\/gaeltachtaneachreidh.ie\\\/en\\\/join-us-at-the-arches-hotel\\\/#article\",\"isPartOf\":{\"@id\":\"https:\\\/\\\/gaeltachtaneachreidh.ie\\\/en\\\/join-us-at-the-arches-hotel\\\/\"},\"author\":{\"name\":\"c t\",\"@id\":\"https:\\\/\\\/gaeltachtaneachreidh.ie\\\/#\\\/schema\\\/person\\\/c1bd3579cbdf6961e7b4585a32e8fde3\"},\"headline\":\"Join us at The Arches Hotel\",\"datePublished\":\"2026-01-13T12:25:17+00:00\",\"dateModified\":\"2026-01-13T12:30:14+00:00\",\"mainEntityOfPage\":{\"@id\":\"https:\\\/\\\/gaeltachtaneachreidh.ie\\\/en\\\/join-us-at-the-arches-hotel\\\/\"},\"wordCount\":382,\"publisher\":{\"@id\":\"https:\\\/\\\/gaeltachtaneachreidh.ie\\\/#organization\"},\"image\":{\"@id\":\"https:\\\/\\\/gaeltachtaneachreidh.ie\\\/en\\\/join-us-at-the-arches-hotel\\\/#primaryimage\"},\"thumbnailUrl\":\"https:\\\/\\\/gaeltachtaneachreidh.ie\\\/wp-content\\\/uploads\\\/2025\\\/11\\\/Ciorcal-comhra.png\",\"keywords\":[\"ciorcal comhra\",\"Claregalway\",\"The Arches Hotel\"],\"articleSection\":[\"Events\",\"News\"],\"inLanguage\":\"en-US\"},{\"@type\":\"WebPage\",\"@id\":\"https:\\\/\\\/gaeltachtaneachreidh.ie\\\/en\\\/join-us-at-the-arches-hotel\\\/\",\"url\":\"https:\\\/\\\/gaeltachtaneachreidh.ie\\\/en\\\/join-us-at-the-arches-hotel\\\/\",\"name\":\"Join us at The Arches Hotel - Gaeltacht an Each\u00e9idh\",\"isPartOf\":{\"@id\":\"https:\\\/\\\/gaeltachtaneachreidh.ie\\\/#website\"},\"primaryImageOfPage\":{\"@id\":\"https:\\\/\\\/gaeltachtaneachreidh.ie\\\/en\\\/join-us-at-the-arches-hotel\\\/#primaryimage\"},\"image\":{\"@id\":\"https:\\\/\\\/gaeltachtaneachreidh.ie\\\/en\\\/join-us-at-the-arches-hotel\\\/#primaryimage\"},\"thumbnailUrl\":\"https:\\\/\\\/gaeltachtaneachreidh.ie\\\/wp-content\\\/uploads\\\/2025\\\/11\\\/Ciorcal-comhra.png\",\"datePublished\":\"2026-01-13T12:25:17+00:00\",\"dateModified\":\"2026-01-13T12:30:14+00:00\",\"breadcrumb\":{\"@id\":\"https:\\\/\\\/gaeltachtaneachreidh.ie\\\/en\\\/join-us-at-the-arches-hotel\\\/#breadcrumb\"},\"inLanguage\":\"en-US\",\"potentialAction\":[{\"@type\":\"ReadAction\",\"target\":[\"https:\\\/\\\/gaeltachtaneachreidh.ie\\\/en\\\/join-us-at-the-arches-hotel\\\/\"]}]},{\"@type\":\"ImageObject\",\"inLanguage\":\"en-US\",\"@id\":\"https:\\\/\\\/gaeltachtaneachreidh.ie\\\/en\\\/join-us-at-the-arches-hotel\\\/#primaryimage\",\"url\":\"https:\\\/\\\/gaeltachtaneachreidh.ie\\\/wp-content\\\/uploads\\\/2025\\\/11\\\/Ciorcal-comhra.png\",\"contentUrl\":\"https:\\\/\\\/gaeltachtaneachreidh.ie\\\/wp-content\\\/uploads\\\/2025\\\/11\\\/Ciorcal-comhra.png\",\"width\":1080,\"height\":1080},{\"@type\":\"BreadcrumbList\",\"@id\":\"https:\\\/\\\/gaeltachtaneachreidh.ie\\\/en\\\/join-us-at-the-arches-hotel\\\/#breadcrumb\",\"itemListElement\":[{\"@type\":\"ListItem\",\"position\":1,\"name\":\"Home\",\"item\":\"https:\\\/\\\/gaeltachtaneachreidh.ie\\\/en\\\/\"},{\"@type\":\"ListItem\",\"position\":2,\"name\":\"Join us at The Arches Hotel\"}]},{\"@type\":\"WebSite\",\"@id\":\"https:\\\/\\\/gaeltachtaneachreidh.ie\\\/#website\",\"url\":\"https:\\\/\\\/gaeltachtaneachreidh.ie\\\/\",\"name\":\"Gaeltacht U\u00ed Each\u00e9idh\",\"description\":\"Limist\u00e9ar Plean\u00e1la Teanga Gaeltacht an Eachr\u00e9idh\",\"publisher\":{\"@id\":\"https:\\\/\\\/gaeltachtaneachreidh.ie\\\/#organization\"},\"potentialAction\":[{\"@type\":\"SearchAction\",\"target\":{\"@type\":\"EntryPoint\",\"urlTemplate\":\"https:\\\/\\\/gaeltachtaneachreidh.ie\\\/?s={search_term_string}\"},\"query-input\":{\"@type\":\"PropertyValueSpecification\",\"valueRequired\":true,\"valueName\":\"search_term_string\"}}],\"inLanguage\":\"en-US\"},{\"@type\":\"Organization\",\"@id\":\"https:\\\/\\\/gaeltachtaneachreidh.ie\\\/#organization\",\"name\":\"Gaeltacht U\u00ed Each\u00e9idh\",\"url\":\"https:\\\/\\\/gaeltachtaneachreidh.ie\\\/\",\"logo\":{\"@type\":\"ImageObject\",\"inLanguage\":\"en-US\",\"@id\":\"https:\\\/\\\/gaeltachtaneachreidh.ie\\\/#\\\/schema\\\/logo\\\/image\\\/\",\"url\":\"https:\\\/\\\/gaeltachtaneachreidh.ie\\\/wp-content\\\/uploads\\\/2022\\\/12\\\/GaeltachtanEachreidh-logo-retina.png\",\"contentUrl\":\"https:\\\/\\\/gaeltachtaneachreidh.ie\\\/wp-content\\\/uploads\\\/2022\\\/12\\\/GaeltachtanEachreidh-logo-retina.png\",\"width\":718,\"height\":200,\"caption\":\"Gaeltacht U\u00ed Each\u00e9idh\"},\"image\":{\"@id\":\"https:\\\/\\\/gaeltachtaneachreidh.ie\\\/#\\\/schema\\\/logo\\\/image\\\/\"},\"sameAs\":[\"https:\\\/\\\/www.facebook.com\\\/gaeltachtaneachreidh\",\"https:\\\/\\\/x.com\\\/AnEachreidh\",\"https:\\\/\\\/www.instagram.com\\\/gaeltachtaneachreidh\\\/\",\"https:\\\/\\\/www.youtube.com\\\/@GaeltachtanEachridh-f6z\"]},{\"@type\":\"Person\",\"@id\":\"https:\\\/\\\/gaeltachtaneachreidh.ie\\\/#\\\/schema\\\/person\\\/c1bd3579cbdf6961e7b4585a32e8fde3\",\"name\":\"c t\",\"image\":{\"@type\":\"ImageObject\",\"inLanguage\":\"en-US\",\"@id\":\"https:\\\/\\\/secure.gravatar.com\\\/avatar\\\/45587ab269f201f578a52ed70dcf2cf79bbec95a18732f3824f1c97e010357a7?s=96&d=mm&r=g\",\"url\":\"https:\\\/\\\/secure.gravatar.com\\\/avatar\\\/45587ab269f201f578a52ed70dcf2cf79bbec95a18732f3824f1c97e010357a7?s=96&d=mm&r=g\",\"contentUrl\":\"https:\\\/\\\/secure.gravatar.com\\\/avatar\\\/45587ab269f201f578a52ed70dcf2cf79bbec95a18732f3824f1c97e010357a7?s=96&d=mm&r=g\",\"caption\":\"c t\"},\"url\":\"https:\\\/\\\/gaeltachtaneachreidh.ie\\\/en\\\/author\\\/admingae\\\/\"}]}<\/script>\n<!-- \/ Yoast SEO plugin. -->","yoast_head_json":{"title":"Join us at The Arches Hotel - Gaeltacht an Each\u00e9idh","robots":{"index":"index","follow":"follow","max-snippet":"max-snippet:-1","max-image-preview":"max-image-preview:large","max-video-preview":"max-video-preview:-1"},"canonical":"https:\/\/gaeltachtaneachreidh.ie\/en\/join-us-at-the-arches-hotel\/","og_locale":"en_US","og_type":"article","og_title":"Join us at The Arches Hotel - Gaeltacht an Each\u00e9idh","og_description":"All across the country, more and more people are taking in part in Irish language \u2018Conversation Circles\u2019 which allow them to practice and improve their use of our native language [&hellip;]","og_url":"https:\/\/gaeltachtaneachreidh.ie\/en\/join-us-at-the-arches-hotel\/","og_site_name":"Gaeltacht an Each\u00e9idh","article_publisher":"https:\/\/www.facebook.com\/gaeltachtaneachreidh","article_published_time":"2026-01-13T12:25:17+00:00","article_modified_time":"2026-01-13T12:30:14+00:00","og_image":[{"width":1080,"height":1080,"url":"https:\/\/gaeltachtaneachreidh.ie\/wp-content\/uploads\/2025\/11\/Ciorcal-comhra.png","type":"image\/png"}],"author":"c t","twitter_card":"summary_large_image","twitter_creator":"@AnEachreidh","twitter_site":"@AnEachreidh","twitter_misc":{"Written by":"c t","Est. reading time":"4 minutes"},"schema":{"@context":"https:\/\/schema.org","@graph":[{"@type":"Article","@id":"https:\/\/gaeltachtaneachreidh.ie\/en\/join-us-at-the-arches-hotel\/#article","isPartOf":{"@id":"https:\/\/gaeltachtaneachreidh.ie\/en\/join-us-at-the-arches-hotel\/"},"author":{"name":"c t","@id":"https:\/\/gaeltachtaneachreidh.ie\/#\/schema\/person\/c1bd3579cbdf6961e7b4585a32e8fde3"},"headline":"Join us at The Arches Hotel","datePublished":"2026-01-13T12:25:17+00:00","dateModified":"2026-01-13T12:30:14+00:00","mainEntityOfPage":{"@id":"https:\/\/gaeltachtaneachreidh.ie\/en\/join-us-at-the-arches-hotel\/"},"wordCount":382,"publisher":{"@id":"https:\/\/gaeltachtaneachreidh.ie\/#organization"},"image":{"@id":"https:\/\/gaeltachtaneachreidh.ie\/en\/join-us-at-the-arches-hotel\/#primaryimage"},"thumbnailUrl":"https:\/\/gaeltachtaneachreidh.ie\/wp-content\/uploads\/2025\/11\/Ciorcal-comhra.png","keywords":["ciorcal comhra","Claregalway","The Arches Hotel"],"articleSection":["Events","News"],"inLanguage":"en-US"},{"@type":"WebPage","@id":"https:\/\/gaeltachtaneachreidh.ie\/en\/join-us-at-the-arches-hotel\/","url":"https:\/\/gaeltachtaneachreidh.ie\/en\/join-us-at-the-arches-hotel\/","name":"Join us at The Arches Hotel - Gaeltacht an Each\u00e9idh","isPartOf":{"@id":"https:\/\/gaeltachtaneachreidh.ie\/#website"},"primaryImageOfPage":{"@id":"https:\/\/gaeltachtaneachreidh.ie\/en\/join-us-at-the-arches-hotel\/#primaryimage"},"image":{"@id":"https:\/\/gaeltachtaneachreidh.ie\/en\/join-us-at-the-arches-hotel\/#primaryimage"},"thumbnailUrl":"https:\/\/gaeltachtaneachreidh.ie\/wp-content\/uploads\/2025\/11\/Ciorcal-comhra.png","datePublished":"2026-01-13T12:25:17+00:00","dateModified":"2026-01-13T12:30:14+00:00","breadcrumb":{"@id":"https:\/\/gaeltachtaneachreidh.ie\/en\/join-us-at-the-arches-hotel\/#breadcrumb"},"inLanguage":"en-US","potentialAction":[{"@type":"ReadAction","target":["https:\/\/gaeltachtaneachreidh.ie\/en\/join-us-at-the-arches-hotel\/"]}]},{"@type":"ImageObject","inLanguage":"en-US","@id":"https:\/\/gaeltachtaneachreidh.ie\/en\/join-us-at-the-arches-hotel\/#primaryimage","url":"https:\/\/gaeltachtaneachreidh.ie\/wp-content\/uploads\/2025\/11\/Ciorcal-comhra.png","contentUrl":"https:\/\/gaeltachtaneachreidh.ie\/wp-content\/uploads\/2025\/11\/Ciorcal-comhra.png","width":1080,"height":1080},{"@type":"BreadcrumbList","@id":"https:\/\/gaeltachtaneachreidh.ie\/en\/join-us-at-the-arches-hotel\/#breadcrumb","itemListElement":[{"@type":"ListItem","position":1,"name":"Home","item":"https:\/\/gaeltachtaneachreidh.ie\/en\/"},{"@type":"ListItem","position":2,"name":"Join us at The Arches Hotel"}]},{"@type":"WebSite","@id":"https:\/\/gaeltachtaneachreidh.ie\/#website","url":"https:\/\/gaeltachtaneachreidh.ie\/","name":"Gaeltacht U\u00ed Each\u00e9idh","description":"Limist\u00e9ar Plean\u00e1la Teanga Gaeltacht an Eachr\u00e9idh","publisher":{"@id":"https:\/\/gaeltachtaneachreidh.ie\/#organization"},"potentialAction":[{"@type":"SearchAction","target":{"@type":"EntryPoint","urlTemplate":"https:\/\/gaeltachtaneachreidh.ie\/?s={search_term_string}"},"query-input":{"@type":"PropertyValueSpecification","valueRequired":true,"valueName":"search_term_string"}}],"inLanguage":"en-US"},{"@type":"Organization","@id":"https:\/\/gaeltachtaneachreidh.ie\/#organization","name":"Gaeltacht U\u00ed Each\u00e9idh","url":"https:\/\/gaeltachtaneachreidh.ie\/","logo":{"@type":"ImageObject","inLanguage":"en-US","@id":"https:\/\/gaeltachtaneachreidh.ie\/#\/schema\/logo\/image\/","url":"https:\/\/gaeltachtaneachreidh.ie\/wp-content\/uploads\/2022\/12\/GaeltachtanEachreidh-logo-retina.png","contentUrl":"https:\/\/gaeltachtaneachreidh.ie\/wp-content\/uploads\/2022\/12\/GaeltachtanEachreidh-logo-retina.png","width":718,"height":200,"caption":"Gaeltacht U\u00ed Each\u00e9idh"},"image":{"@id":"https:\/\/gaeltachtaneachreidh.ie\/#\/schema\/logo\/image\/"},"sameAs":["https:\/\/www.facebook.com\/gaeltachtaneachreidh","https:\/\/x.com\/AnEachreidh","https:\/\/www.instagram.com\/gaeltachtaneachreidh\/","https:\/\/www.youtube.com\/@GaeltachtanEachridh-f6z"]},{"@type":"Person","@id":"https:\/\/gaeltachtaneachreidh.ie\/#\/schema\/person\/c1bd3579cbdf6961e7b4585a32e8fde3","name":"c t","image":{"@type":"ImageObject","inLanguage":"en-US","@id":"https:\/\/secure.gravatar.com\/avatar\/45587ab269f201f578a52ed70dcf2cf79bbec95a18732f3824f1c97e010357a7?s=96&d=mm&r=g","url":"https:\/\/secure.gravatar.com\/avatar\/45587ab269f201f578a52ed70dcf2cf79bbec95a18732f3824f1c97e010357a7?s=96&d=mm&r=g","contentUrl":"https:\/\/secure.gravatar.com\/avatar\/45587ab269f201f578a52ed70dcf2cf79bbec95a18732f3824f1c97e010357a7?s=96&d=mm&r=g","caption":"c t"},"url":"https:\/\/gaeltachtaneachreidh.ie\/en\/author\/admingae\/"}]}},"_links":{"self":[{"href":"https:\/\/gaeltachtaneachreidh.ie\/en\/wp-json\/wp\/v2\/posts\/2148","targetHints":{"allow":["GET"]}}],"collection":[{"href":"https:\/\/gaeltachtaneachreidh.ie\/en\/wp-json\/wp\/v2\/posts"}],"about":[{"href":"https:\/\/gaeltachtaneachreidh.ie\/en\/wp-json\/wp\/v2\/types\/post"}],"author":[{"embeddable":true,"href":"https:\/\/gaeltachtaneachreidh.ie\/en\/wp-json\/wp\/v2\/users\/3"}],"replies":[{"embeddable":true,"href":"https:\/\/gaeltachtaneachreidh.ie\/en\/wp-json\/wp\/v2\/comments?post=2148"}],"version-history":[{"count":2,"href":"https:\/\/gaeltachtaneachreidh.ie\/en\/wp-json\/wp\/v2\/posts\/2148\/revisions"}],"predecessor-version":[{"id":2150,"href":"https:\/\/gaeltachtaneachreidh.ie\/en\/wp-json\/wp\/v2\/posts\/2148\/revisions\/2150"}],"wp:featuredmedia":[{"embeddable":true,"href":"https:\/\/gaeltachtaneachreidh.ie\/en\/wp-json\/wp\/v2\/media\/2027"}],"wp:attachment":[{"href":"https:\/\/gaeltachtaneachreidh.ie\/en\/wp-json\/wp\/v2\/media?parent=2148"}],"wp:term":[{"taxonomy":"category","embeddable":true,"href":"https:\/\/gaeltachtaneachreidh.ie\/en\/wp-json\/wp\/v2\/categories?post=2148"},{"taxonomy":"post_tag","embeddable":true,"href":"https:\/\/gaeltachtaneachreidh.ie\/en\/wp-json\/wp\/v2\/tags?post=2148"}],"curies":[{"name":"wp","href":"https:\/\/api.w.org\/{rel}","templated":true}]}}