{"id":2134,"date":"2026-01-12T11:55:52","date_gmt":"2026-01-12T11:55:52","guid":{"rendered":"https:\/\/gaeltachtaneachreidh.ie\/ranganna-gaeilge-diolta-amach\/"},"modified":"2026-01-12T12:02:23","modified_gmt":"2026-01-12T12:02:23","slug":"irish-classes-sell-out","status":"publish","type":"post","link":"https:\/\/gaeltachtaneachreidh.ie\/en\/irish-classes-sell-out\/","title":{"rendered":"Irish classes sell out"},"content":{"rendered":"<p><img fetchpriority=\"high\" decoding=\"async\" class=\"alignnone size-medium wp-image-2129\" src=\"https:\/\/gaeltachtaneachreidh.ie\/wp-content\/uploads\/2026\/01\/idirmheanachwidergroup-1.jpg-1-600x540.jpg\" alt=\"\" width=\"600\" height=\"540\" \/><\/p>\n<p>Our new term of Irish classes at The Arches Hotel in Claregalway is now fully sold out.<\/p>\n<p>The new term, which begins tomorrow (Tuesday, January 13), will run for eight weeks and there are two levels of classes \u2013 for Beginners and Intermediates.<\/p>\n<p>We put a couple of extra places on sale for the Intermediate class (8.30 to 9.30pm), but the classes fully sold out last night, two days before the start of the courses. Just as our first term of evening classes for adults sold out back in October.<\/p>\n<p>While it is frustrating to have to turn people away at this stage, we are thrilled by the interest which adults in Gaeltacht an Eachr\u00e9idh have shown in engaging with our native language.<\/p>\n<p>It seems to be following a pattern throughout the country and indeed, our Irish Language Planning Officer, Ciaran Tierney, spoke about the huge revival of interest in Irish on Raidio na Gaeltachta last week. Irish is becoming \u201ccool\u201d now and it is wonderful to see courses selling out, he said.<\/p>\n<p>&#8220;Our only regret now is that people may be disappointed to miss out on a place,&#8221; says Ciaran.<\/p>\n<p>&#8220;But we are making progress bringing the Irish language back to the heart of the community in Claregalway, Carnmore, and Annaghdown. There is huge goodwill towards the language now and the success of our adult classes and the weekly &#8216;Ciorcal Comhr\u00e1&#8217; at The Arches shows that the interest is there, which is fantastic.<\/p>\n<p>&#8220;When I started in this role, we had very litte infrastructure in place and it felt as though it was hard to make progress. Thanks to our partnership with The Arches, and having a local teacher available who lives in Claregalway, it is fantastic to be able to offer classes to adults on a weekday evening. The atmosphere is fantastic in the classes and I would urge those taking part in the second class to join us on Thursdays to practice their &#8216;c\u00fapla focail&#8217; in a social setting.&#8221;<\/p>\n<p>We are looking forward to welcoming everyone who has registered at The Arches Hotel tomorrow night. The classes will be from 7.15 to 8.15pm (Beginners) and 8.30 to 9.30pm (Intermediate).<\/p>\n<p>If you have bought your ticket for the classes, please turn up about 15 minutes prior to the start to register and get settled in. Young teacher M\u00e1ire Nic Oireaachtaigh is looking forward to welcoming new students, as well as those who were with her before the holidays.<\/p>\n<p>\u201cWalk ins\u201d will not be accepted at The Arches, it was only fair that we gave everyone an equal chance to register last week after giving first preference to those who were already with us from October to December.<\/p>\n<p>M\u00edle buiochas!<\/p>\n<p>&nbsp;<\/p>\n<p>&nbsp;<\/p>\n<div id=\"attachment_2092\" style=\"width: 610px\" class=\"wp-caption alignnone\"><img decoding=\"async\" aria-describedby=\"caption-attachment-2092\" class=\"wp-image-2092 size-medium lazyload\" data-src=\"https:\/\/gaeltachtaneachreidh.ie\/wp-content\/uploads\/2026\/01\/mairebord.jpg-600x540.jpg\" alt=\"\" width=\"600\" height=\"540\" src=\"data:image\/svg+xml;base64,PHN2ZyB3aWR0aD0iMSIgaGVpZ2h0PSIxIiB4bWxucz0iaHR0cDovL3d3dy53My5vcmcvMjAwMC9zdmciPjwvc3ZnPg==\" style=\"--smush-placeholder-width: 600px; --smush-placeholder-aspect-ratio: 600\/540;\" \/><p id=\"caption-attachment-2092\" class=\"wp-caption-text\">M\u00fainteoir M\u00e1ire ag an gcl\u00e1r b\u00e1n<\/p><\/div>\n<p><img decoding=\"async\" class=\"alignnone size-medium wp-image-2131 lazyload\" data-src=\"https:\/\/gaeltachtaneachreidh.ie\/wp-content\/uploads\/2026\/01\/rangannadioltaamach.jpg-600x540.jpg\" alt=\"\" width=\"600\" height=\"540\" src=\"data:image\/svg+xml;base64,PHN2ZyB3aWR0aD0iMSIgaGVpZ2h0PSIxIiB4bWxucz0iaHR0cDovL3d3dy53My5vcmcvMjAwMC9zdmciPjwvc3ZnPg==\" style=\"--smush-placeholder-width: 600px; --smush-placeholder-aspect-ratio: 600\/540;\" \/><\/p>\n","protected":false},"excerpt":{"rendered":"<p>Our new term of Irish classes at The Arches Hotel in Claregalway is now fully sold out. The new term, which begins tomorrow (Tuesday, January 13), will run for eight [&hellip;]<\/p>\n","protected":false},"author":3,"featured_media":2132,"comment_status":"closed","ping_status":"open","sticky":false,"template":"","format":"standard","meta":{"footnotes":""},"categories":[118,120],"tags":[273,132,274,135,230,224],"class_list":["post-2134","post","type-post","status-publish","format-standard","has-post-thumbnail","hentry","category-events-blog","category-news","tag-adult-learning","tag-baile-chlair-en","tag-claregalwway","tag-gaeilge-en","tag-irish-classes-en","tag-the-arches-hotel-en"],"yoast_head":"<!-- This site is optimized with the Yoast SEO plugin v27.5 - https:\/\/yoast.com\/product\/yoast-seo-wordpress\/ -->\n<title>Irish classes sell out - Gaeltacht an Each\u00e9idh<\/title>\n<meta name=\"robots\" content=\"index, follow, max-snippet:-1, max-image-preview:large, max-video-preview:-1\" \/>\n<link rel=\"canonical\" href=\"https:\/\/gaeltachtaneachreidh.ie\/en\/irish-classes-sell-out\/\" \/>\n<meta property=\"og:locale\" content=\"en_US\" \/>\n<meta property=\"og:type\" content=\"article\" \/>\n<meta property=\"og:title\" content=\"Irish classes sell out - Gaeltacht an Each\u00e9idh\" \/>\n<meta property=\"og:description\" content=\"Our new term of Irish classes at The Arches Hotel in Claregalway is now fully sold out. The new term, which begins tomorrow (Tuesday, January 13), will run for eight [&hellip;]\" \/>\n<meta property=\"og:url\" content=\"https:\/\/gaeltachtaneachreidh.ie\/en\/irish-classes-sell-out\/\" \/>\n<meta property=\"og:site_name\" content=\"Gaeltacht an Each\u00e9idh\" \/>\n<meta property=\"article:publisher\" content=\"https:\/\/www.facebook.com\/gaeltachtaneachreidh\" \/>\n<meta property=\"article:published_time\" content=\"2026-01-12T11:55:52+00:00\" \/>\n<meta property=\"article:modified_time\" content=\"2026-01-12T12:02:23+00:00\" \/>\n<meta property=\"og:image\" content=\"https:\/\/gaeltachtaneachreidh.ie\/wp-content\/uploads\/2026\/01\/rangannadioltaamach.jpg.jpg\" \/>\n\t<meta property=\"og:image:width\" content=\"1080\" \/>\n\t<meta property=\"og:image:height\" content=\"1350\" \/>\n\t<meta property=\"og:image:type\" content=\"image\/jpeg\" \/>\n<meta name=\"author\" content=\"c t\" \/>\n<meta name=\"twitter:card\" content=\"summary_large_image\" \/>\n<meta name=\"twitter:creator\" content=\"@AnEachreidh\" \/>\n<meta name=\"twitter:site\" content=\"@AnEachreidh\" \/>\n<meta name=\"twitter:label1\" content=\"Written by\" \/>\n\t<meta name=\"twitter:data1\" content=\"c t\" \/>\n\t<meta name=\"twitter:label2\" content=\"Est. reading time\" \/>\n\t<meta name=\"twitter:data2\" content=\"4 minutes\" \/>\n<script type=\"application\/ld+json\" class=\"yoast-schema-graph\">{\"@context\":\"https:\\\/\\\/schema.org\",\"@graph\":[{\"@type\":\"Article\",\"@id\":\"https:\\\/\\\/gaeltachtaneachreidh.ie\\\/en\\\/irish-classes-sell-out\\\/#article\",\"isPartOf\":{\"@id\":\"https:\\\/\\\/gaeltachtaneachreidh.ie\\\/en\\\/irish-classes-sell-out\\\/\"},\"author\":{\"name\":\"c t\",\"@id\":\"https:\\\/\\\/gaeltachtaneachreidh.ie\\\/#\\\/schema\\\/person\\\/c1bd3579cbdf6961e7b4585a32e8fde3\"},\"headline\":\"Irish classes sell out\",\"datePublished\":\"2026-01-12T11:55:52+00:00\",\"dateModified\":\"2026-01-12T12:02:23+00:00\",\"mainEntityOfPage\":{\"@id\":\"https:\\\/\\\/gaeltachtaneachreidh.ie\\\/en\\\/irish-classes-sell-out\\\/\"},\"wordCount\":472,\"publisher\":{\"@id\":\"https:\\\/\\\/gaeltachtaneachreidh.ie\\\/#organization\"},\"image\":{\"@id\":\"https:\\\/\\\/gaeltachtaneachreidh.ie\\\/en\\\/irish-classes-sell-out\\\/#primaryimage\"},\"thumbnailUrl\":\"https:\\\/\\\/gaeltachtaneachreidh.ie\\\/wp-content\\\/uploads\\\/2026\\\/01\\\/rangannadioltaamach.jpg.jpg\",\"keywords\":[\"adult learning\",\"Baile Chl\u00e1ir\",\"Claregalwway\",\"Gaeilge\",\"Irish classes\",\"The Arches Hotel\"],\"articleSection\":[\"Events\",\"News\"],\"inLanguage\":\"en-US\"},{\"@type\":\"WebPage\",\"@id\":\"https:\\\/\\\/gaeltachtaneachreidh.ie\\\/en\\\/irish-classes-sell-out\\\/\",\"url\":\"https:\\\/\\\/gaeltachtaneachreidh.ie\\\/en\\\/irish-classes-sell-out\\\/\",\"name\":\"Irish classes sell out - Gaeltacht an Each\u00e9idh\",\"isPartOf\":{\"@id\":\"https:\\\/\\\/gaeltachtaneachreidh.ie\\\/#website\"},\"primaryImageOfPage\":{\"@id\":\"https:\\\/\\\/gaeltachtaneachreidh.ie\\\/en\\\/irish-classes-sell-out\\\/#primaryimage\"},\"image\":{\"@id\":\"https:\\\/\\\/gaeltachtaneachreidh.ie\\\/en\\\/irish-classes-sell-out\\\/#primaryimage\"},\"thumbnailUrl\":\"https:\\\/\\\/gaeltachtaneachreidh.ie\\\/wp-content\\\/uploads\\\/2026\\\/01\\\/rangannadioltaamach.jpg.jpg\",\"datePublished\":\"2026-01-12T11:55:52+00:00\",\"dateModified\":\"2026-01-12T12:02:23+00:00\",\"breadcrumb\":{\"@id\":\"https:\\\/\\\/gaeltachtaneachreidh.ie\\\/en\\\/irish-classes-sell-out\\\/#breadcrumb\"},\"inLanguage\":\"en-US\",\"potentialAction\":[{\"@type\":\"ReadAction\",\"target\":[\"https:\\\/\\\/gaeltachtaneachreidh.ie\\\/en\\\/irish-classes-sell-out\\\/\"]}]},{\"@type\":\"ImageObject\",\"inLanguage\":\"en-US\",\"@id\":\"https:\\\/\\\/gaeltachtaneachreidh.ie\\\/en\\\/irish-classes-sell-out\\\/#primaryimage\",\"url\":\"https:\\\/\\\/gaeltachtaneachreidh.ie\\\/wp-content\\\/uploads\\\/2026\\\/01\\\/rangannadioltaamach.jpg.jpg\",\"contentUrl\":\"https:\\\/\\\/gaeltachtaneachreidh.ie\\\/wp-content\\\/uploads\\\/2026\\\/01\\\/rangannadioltaamach.jpg.jpg\",\"width\":1080,\"height\":1350},{\"@type\":\"BreadcrumbList\",\"@id\":\"https:\\\/\\\/gaeltachtaneachreidh.ie\\\/en\\\/irish-classes-sell-out\\\/#breadcrumb\",\"itemListElement\":[{\"@type\":\"ListItem\",\"position\":1,\"name\":\"Home\",\"item\":\"https:\\\/\\\/gaeltachtaneachreidh.ie\\\/en\\\/\"},{\"@type\":\"ListItem\",\"position\":2,\"name\":\"Irish classes sell out\"}]},{\"@type\":\"WebSite\",\"@id\":\"https:\\\/\\\/gaeltachtaneachreidh.ie\\\/#website\",\"url\":\"https:\\\/\\\/gaeltachtaneachreidh.ie\\\/\",\"name\":\"Gaeltacht U\u00ed Each\u00e9idh\",\"description\":\"Limist\u00e9ar Plean\u00e1la Teanga Gaeltacht an Eachr\u00e9idh\",\"publisher\":{\"@id\":\"https:\\\/\\\/gaeltachtaneachreidh.ie\\\/#organization\"},\"potentialAction\":[{\"@type\":\"SearchAction\",\"target\":{\"@type\":\"EntryPoint\",\"urlTemplate\":\"https:\\\/\\\/gaeltachtaneachreidh.ie\\\/?s={search_term_string}\"},\"query-input\":{\"@type\":\"PropertyValueSpecification\",\"valueRequired\":true,\"valueName\":\"search_term_string\"}}],\"inLanguage\":\"en-US\"},{\"@type\":\"Organization\",\"@id\":\"https:\\\/\\\/gaeltachtaneachreidh.ie\\\/#organization\",\"name\":\"Gaeltacht U\u00ed Each\u00e9idh\",\"url\":\"https:\\\/\\\/gaeltachtaneachreidh.ie\\\/\",\"logo\":{\"@type\":\"ImageObject\",\"inLanguage\":\"en-US\",\"@id\":\"https:\\\/\\\/gaeltachtaneachreidh.ie\\\/#\\\/schema\\\/logo\\\/image\\\/\",\"url\":\"https:\\\/\\\/gaeltachtaneachreidh.ie\\\/wp-content\\\/uploads\\\/2022\\\/12\\\/GaeltachtanEachreidh-logo-retina.png\",\"contentUrl\":\"https:\\\/\\\/gaeltachtaneachreidh.ie\\\/wp-content\\\/uploads\\\/2022\\\/12\\\/GaeltachtanEachreidh-logo-retina.png\",\"width\":718,\"height\":200,\"caption\":\"Gaeltacht U\u00ed Each\u00e9idh\"},\"image\":{\"@id\":\"https:\\\/\\\/gaeltachtaneachreidh.ie\\\/#\\\/schema\\\/logo\\\/image\\\/\"},\"sameAs\":[\"https:\\\/\\\/www.facebook.com\\\/gaeltachtaneachreidh\",\"https:\\\/\\\/x.com\\\/AnEachreidh\",\"https:\\\/\\\/www.instagram.com\\\/gaeltachtaneachreidh\\\/\",\"https:\\\/\\\/www.youtube.com\\\/@GaeltachtanEachridh-f6z\"]},{\"@type\":\"Person\",\"@id\":\"https:\\\/\\\/gaeltachtaneachreidh.ie\\\/#\\\/schema\\\/person\\\/c1bd3579cbdf6961e7b4585a32e8fde3\",\"name\":\"c t\",\"image\":{\"@type\":\"ImageObject\",\"inLanguage\":\"en-US\",\"@id\":\"https:\\\/\\\/secure.gravatar.com\\\/avatar\\\/45587ab269f201f578a52ed70dcf2cf79bbec95a18732f3824f1c97e010357a7?s=96&d=mm&r=g\",\"url\":\"https:\\\/\\\/secure.gravatar.com\\\/avatar\\\/45587ab269f201f578a52ed70dcf2cf79bbec95a18732f3824f1c97e010357a7?s=96&d=mm&r=g\",\"contentUrl\":\"https:\\\/\\\/secure.gravatar.com\\\/avatar\\\/45587ab269f201f578a52ed70dcf2cf79bbec95a18732f3824f1c97e010357a7?s=96&d=mm&r=g\",\"caption\":\"c t\"},\"url\":\"https:\\\/\\\/gaeltachtaneachreidh.ie\\\/en\\\/author\\\/admingae\\\/\"}]}<\/script>\n<!-- \/ Yoast SEO plugin. -->","yoast_head_json":{"title":"Irish classes sell out - Gaeltacht an Each\u00e9idh","robots":{"index":"index","follow":"follow","max-snippet":"max-snippet:-1","max-image-preview":"max-image-preview:large","max-video-preview":"max-video-preview:-1"},"canonical":"https:\/\/gaeltachtaneachreidh.ie\/en\/irish-classes-sell-out\/","og_locale":"en_US","og_type":"article","og_title":"Irish classes sell out - Gaeltacht an Each\u00e9idh","og_description":"Our new term of Irish classes at The Arches Hotel in Claregalway is now fully sold out. The new term, which begins tomorrow (Tuesday, January 13), will run for eight [&hellip;]","og_url":"https:\/\/gaeltachtaneachreidh.ie\/en\/irish-classes-sell-out\/","og_site_name":"Gaeltacht an Each\u00e9idh","article_publisher":"https:\/\/www.facebook.com\/gaeltachtaneachreidh","article_published_time":"2026-01-12T11:55:52+00:00","article_modified_time":"2026-01-12T12:02:23+00:00","og_image":[{"width":1080,"height":1350,"url":"https:\/\/gaeltachtaneachreidh.ie\/wp-content\/uploads\/2026\/01\/rangannadioltaamach.jpg.jpg","type":"image\/jpeg"}],"author":"c t","twitter_card":"summary_large_image","twitter_creator":"@AnEachreidh","twitter_site":"@AnEachreidh","twitter_misc":{"Written by":"c t","Est. reading time":"4 minutes"},"schema":{"@context":"https:\/\/schema.org","@graph":[{"@type":"Article","@id":"https:\/\/gaeltachtaneachreidh.ie\/en\/irish-classes-sell-out\/#article","isPartOf":{"@id":"https:\/\/gaeltachtaneachreidh.ie\/en\/irish-classes-sell-out\/"},"author":{"name":"c t","@id":"https:\/\/gaeltachtaneachreidh.ie\/#\/schema\/person\/c1bd3579cbdf6961e7b4585a32e8fde3"},"headline":"Irish classes sell out","datePublished":"2026-01-12T11:55:52+00:00","dateModified":"2026-01-12T12:02:23+00:00","mainEntityOfPage":{"@id":"https:\/\/gaeltachtaneachreidh.ie\/en\/irish-classes-sell-out\/"},"wordCount":472,"publisher":{"@id":"https:\/\/gaeltachtaneachreidh.ie\/#organization"},"image":{"@id":"https:\/\/gaeltachtaneachreidh.ie\/en\/irish-classes-sell-out\/#primaryimage"},"thumbnailUrl":"https:\/\/gaeltachtaneachreidh.ie\/wp-content\/uploads\/2026\/01\/rangannadioltaamach.jpg.jpg","keywords":["adult learning","Baile Chl\u00e1ir","Claregalwway","Gaeilge","Irish classes","The Arches Hotel"],"articleSection":["Events","News"],"inLanguage":"en-US"},{"@type":"WebPage","@id":"https:\/\/gaeltachtaneachreidh.ie\/en\/irish-classes-sell-out\/","url":"https:\/\/gaeltachtaneachreidh.ie\/en\/irish-classes-sell-out\/","name":"Irish classes sell out - Gaeltacht an Each\u00e9idh","isPartOf":{"@id":"https:\/\/gaeltachtaneachreidh.ie\/#website"},"primaryImageOfPage":{"@id":"https:\/\/gaeltachtaneachreidh.ie\/en\/irish-classes-sell-out\/#primaryimage"},"image":{"@id":"https:\/\/gaeltachtaneachreidh.ie\/en\/irish-classes-sell-out\/#primaryimage"},"thumbnailUrl":"https:\/\/gaeltachtaneachreidh.ie\/wp-content\/uploads\/2026\/01\/rangannadioltaamach.jpg.jpg","datePublished":"2026-01-12T11:55:52+00:00","dateModified":"2026-01-12T12:02:23+00:00","breadcrumb":{"@id":"https:\/\/gaeltachtaneachreidh.ie\/en\/irish-classes-sell-out\/#breadcrumb"},"inLanguage":"en-US","potentialAction":[{"@type":"ReadAction","target":["https:\/\/gaeltachtaneachreidh.ie\/en\/irish-classes-sell-out\/"]}]},{"@type":"ImageObject","inLanguage":"en-US","@id":"https:\/\/gaeltachtaneachreidh.ie\/en\/irish-classes-sell-out\/#primaryimage","url":"https:\/\/gaeltachtaneachreidh.ie\/wp-content\/uploads\/2026\/01\/rangannadioltaamach.jpg.jpg","contentUrl":"https:\/\/gaeltachtaneachreidh.ie\/wp-content\/uploads\/2026\/01\/rangannadioltaamach.jpg.jpg","width":1080,"height":1350},{"@type":"BreadcrumbList","@id":"https:\/\/gaeltachtaneachreidh.ie\/en\/irish-classes-sell-out\/#breadcrumb","itemListElement":[{"@type":"ListItem","position":1,"name":"Home","item":"https:\/\/gaeltachtaneachreidh.ie\/en\/"},{"@type":"ListItem","position":2,"name":"Irish classes sell out"}]},{"@type":"WebSite","@id":"https:\/\/gaeltachtaneachreidh.ie\/#website","url":"https:\/\/gaeltachtaneachreidh.ie\/","name":"Gaeltacht U\u00ed Each\u00e9idh","description":"Limist\u00e9ar Plean\u00e1la Teanga Gaeltacht an Eachr\u00e9idh","publisher":{"@id":"https:\/\/gaeltachtaneachreidh.ie\/#organization"},"potentialAction":[{"@type":"SearchAction","target":{"@type":"EntryPoint","urlTemplate":"https:\/\/gaeltachtaneachreidh.ie\/?s={search_term_string}"},"query-input":{"@type":"PropertyValueSpecification","valueRequired":true,"valueName":"search_term_string"}}],"inLanguage":"en-US"},{"@type":"Organization","@id":"https:\/\/gaeltachtaneachreidh.ie\/#organization","name":"Gaeltacht U\u00ed Each\u00e9idh","url":"https:\/\/gaeltachtaneachreidh.ie\/","logo":{"@type":"ImageObject","inLanguage":"en-US","@id":"https:\/\/gaeltachtaneachreidh.ie\/#\/schema\/logo\/image\/","url":"https:\/\/gaeltachtaneachreidh.ie\/wp-content\/uploads\/2022\/12\/GaeltachtanEachreidh-logo-retina.png","contentUrl":"https:\/\/gaeltachtaneachreidh.ie\/wp-content\/uploads\/2022\/12\/GaeltachtanEachreidh-logo-retina.png","width":718,"height":200,"caption":"Gaeltacht U\u00ed Each\u00e9idh"},"image":{"@id":"https:\/\/gaeltachtaneachreidh.ie\/#\/schema\/logo\/image\/"},"sameAs":["https:\/\/www.facebook.com\/gaeltachtaneachreidh","https:\/\/x.com\/AnEachreidh","https:\/\/www.instagram.com\/gaeltachtaneachreidh\/","https:\/\/www.youtube.com\/@GaeltachtanEachridh-f6z"]},{"@type":"Person","@id":"https:\/\/gaeltachtaneachreidh.ie\/#\/schema\/person\/c1bd3579cbdf6961e7b4585a32e8fde3","name":"c t","image":{"@type":"ImageObject","inLanguage":"en-US","@id":"https:\/\/secure.gravatar.com\/avatar\/45587ab269f201f578a52ed70dcf2cf79bbec95a18732f3824f1c97e010357a7?s=96&d=mm&r=g","url":"https:\/\/secure.gravatar.com\/avatar\/45587ab269f201f578a52ed70dcf2cf79bbec95a18732f3824f1c97e010357a7?s=96&d=mm&r=g","contentUrl":"https:\/\/secure.gravatar.com\/avatar\/45587ab269f201f578a52ed70dcf2cf79bbec95a18732f3824f1c97e010357a7?s=96&d=mm&r=g","caption":"c t"},"url":"https:\/\/gaeltachtaneachreidh.ie\/en\/author\/admingae\/"}]}},"_links":{"self":[{"href":"https:\/\/gaeltachtaneachreidh.ie\/en\/wp-json\/wp\/v2\/posts\/2134","targetHints":{"allow":["GET"]}}],"collection":[{"href":"https:\/\/gaeltachtaneachreidh.ie\/en\/wp-json\/wp\/v2\/posts"}],"about":[{"href":"https:\/\/gaeltachtaneachreidh.ie\/en\/wp-json\/wp\/v2\/types\/post"}],"author":[{"embeddable":true,"href":"https:\/\/gaeltachtaneachreidh.ie\/en\/wp-json\/wp\/v2\/users\/3"}],"replies":[{"embeddable":true,"href":"https:\/\/gaeltachtaneachreidh.ie\/en\/wp-json\/wp\/v2\/comments?post=2134"}],"version-history":[{"count":2,"href":"https:\/\/gaeltachtaneachreidh.ie\/en\/wp-json\/wp\/v2\/posts\/2134\/revisions"}],"predecessor-version":[{"id":2136,"href":"https:\/\/gaeltachtaneachreidh.ie\/en\/wp-json\/wp\/v2\/posts\/2134\/revisions\/2136"}],"wp:featuredmedia":[{"embeddable":true,"href":"https:\/\/gaeltachtaneachreidh.ie\/en\/wp-json\/wp\/v2\/media\/2132"}],"wp:attachment":[{"href":"https:\/\/gaeltachtaneachreidh.ie\/en\/wp-json\/wp\/v2\/media?parent=2134"}],"wp:term":[{"taxonomy":"category","embeddable":true,"href":"https:\/\/gaeltachtaneachreidh.ie\/en\/wp-json\/wp\/v2\/categories?post=2134"},{"taxonomy":"post_tag","embeddable":true,"href":"https:\/\/gaeltachtaneachreidh.ie\/en\/wp-json\/wp\/v2\/tags?post=2134"}],"curies":[{"name":"wp","href":"https:\/\/api.w.org\/{rel}","templated":true}]}}