{"id":1728,"date":"2025-06-17T16:01:19","date_gmt":"2025-06-17T16:01:19","guid":{"rendered":"https:\/\/gaeltachtaneachreidh.ie\/pop-up-gaeltacht-i-regans\/"},"modified":"2025-06-17T16:04:14","modified_gmt":"2025-06-17T16:04:14","slug":"pop-up-gaeltacht-in-regans","status":"publish","type":"post","link":"https:\/\/gaeltachtaneachreidh.ie\/en\/pop-up-gaeltacht-in-regans\/","title":{"rendered":"&#8216;Pop Up Gaeltacht&#8217; in Regans of Clonboo"},"content":{"rendered":"<div id=\"attachment_1723\" style=\"width: 610px\" class=\"wp-caption alignnone\"><img fetchpriority=\"high\" decoding=\"async\" aria-describedby=\"caption-attachment-1723\" class=\"wp-image-1723 size-medium\" src=\"https:\/\/gaeltachtaneachreidh.ie\/wp-content\/uploads\/2025\/06\/ciorcalclonboo.jpg-600x540.jpg\" alt=\"\" width=\"600\" height=\"540\" \/><p id=\"caption-attachment-1723\" class=\"wp-caption-text\">Gathering together at the monthly &#8216;Ciorcal Comhra&#8217; in Regans of Clonboo\u00a0<\/p><\/div>\n<p>A &#8216;Pop Up Gaeltacht&#8217; for Irish speakers will take place at Regans of Clonboo on Thursday, July 3, from 7.30 to 9pm.<\/p>\n<p>All are welcome to this informal gathering no matter what your level of Irish!<\/p>\n<p>The idea behind this event at Regans of Clonboo is to provide people with a space to mingle and chat freely while using whatever amount of Irish they have for an hour and a half or so.<\/p>\n<p>Regans already hosts a successful &#8216;Ciorcal Comhr\u00e1&#8217; on the first Monday of every month, but the idea behind the &#8216;Pop Up Gaeltacht&#8217; is to allow people of every level of Irish to gather, mingle, and converse using whatever level of Irish they have.<\/p>\n<p>In 2024, Gaeltacht an Eachr\u00e9idh recorded native speakers of our native language who grew up in Irish-speaking households in Annaghdown, and some of them expressed disappointment that they rarely get a chance to use Irish outside the family home in a social setting.<\/p>\n<p>The 90 minute gathering &#8216;as Gaeilge&#8217; will be followed by a traditional music session from 9 to 11pm, ensuring a great celebration of Irish culture throughout the night. Finger food will be provided free of charge.<\/p>\n<p>&#8220;There is a six year language plan in place to revive the Irish language in Annaghdown, Carnmore, and Claregalway and we hope to run more social events like this on a more regular basis,&#8221; said Ciaran Tierney, the Irish Language Planning Officer for Gaeltacht an Eachreidh.<\/p>\n<p>&#8220;We ran a similar event in The Arches Hotel in Claregalway back in February and were absolutely thrilled when 40 people turned up out of the blue. We had great &#8216;craic&#8217; and a lot of people did not want to go home. Because of that, we launched a new Thursday night &#8216;Ciorcal Comhr\u00e1&#8217; in Claregalway which has been a huge success, although it is now on a break for the summer.<\/p>\n<p>\u201cThis is going to be a very informal gathering, where people are encouraged to mingle, have a chat and a drink, and use whatever Irish they have. All are welcome and it certainly does not matter if you are not fluent in the language. Anyone who wants to speak Irish, or listen to Irish, is more than welcome to join us at Regans on July 3.\u201d<\/p>\n<p>&nbsp;<\/p>\n<div id=\"attachment_1597\" style=\"width: 610px\" class=\"wp-caption alignnone\"><img decoding=\"async\" aria-describedby=\"caption-attachment-1597\" class=\"wp-image-1597 size-medium lazyload\" data-src=\"https:\/\/gaeltachtaneachreidh.ie\/wp-content\/uploads\/2025\/05\/arches0805.jpg-600x540.jpg\" alt=\"\" width=\"600\" height=\"540\" src=\"data:image\/svg+xml;base64,PHN2ZyB3aWR0aD0iMSIgaGVpZ2h0PSIxIiB4bWxucz0iaHR0cDovL3d3dy53My5vcmcvMjAwMC9zdmciPjwvc3ZnPg==\" style=\"--smush-placeholder-width: 600px; --smush-placeholder-aspect-ratio: 600\/540;\" \/><p id=\"caption-attachment-1597\" class=\"wp-caption-text\">The weekly &#8216;Ciorcal Comhra&#8217; in Claregalway was hugely popular before the summer break.\u00a0<\/p><\/div>\n<p><img decoding=\"async\" class=\"alignnone size-medium wp-image-1725 lazyload\" data-src=\"https:\/\/gaeltachtaneachreidh.ie\/wp-content\/uploads\/2025\/06\/popupregans1.jpg-600x540.jpg\" alt=\"\" width=\"600\" height=\"540\" src=\"data:image\/svg+xml;base64,PHN2ZyB3aWR0aD0iMSIgaGVpZ2h0PSIxIiB4bWxucz0iaHR0cDovL3d3dy53My5vcmcvMjAwMC9zdmciPjwvc3ZnPg==\" style=\"--smush-placeholder-width: 600px; --smush-placeholder-aspect-ratio: 600\/540;\" \/><\/p>\n","protected":false},"excerpt":{"rendered":"<p>A &#8216;Pop Up Gaeltacht&#8217; for Irish speakers will take place at Regans of Clonboo on Thursday, July 3, from 7.30 to 9pm. All are welcome to this informal gathering no [&hellip;]<\/p>\n","protected":false},"author":3,"featured_media":1726,"comment_status":"closed","ping_status":"open","sticky":false,"template":"","format":"standard","meta":{"footnotes":""},"categories":[118,120],"tags":[133,190,143,191,192],"class_list":["post-1728","post","type-post","status-publish","format-standard","has-post-thumbnail","hentry","category-events-blog","category-news","tag-ciorcal-comhra-en","tag-clonboo-en","tag-gaeltacht-an-eachreidh-en","tag-pleanail-teanga-en","tag-regans-en"],"yoast_head":"<!-- This site is optimized with the Yoast SEO plugin v28.4 - https:\/\/yoast.com\/product\/yoast-seo-wordpress\/ -->\n<title>&#039;Pop Up Gaeltacht&#039; in Regans of Clonboo - Gaeltacht an Eachr\u00e9idh<\/title>\n<meta name=\"robots\" content=\"index, follow, max-snippet:-1, max-image-preview:large, max-video-preview:-1\" \/>\n<link rel=\"canonical\" href=\"https:\/\/gaeltachtaneachreidh.ie\/en\/pop-up-gaeltacht-in-regans\/\" \/>\n<meta property=\"og:locale\" content=\"en_US\" \/>\n<meta property=\"og:type\" content=\"article\" \/>\n<meta property=\"og:title\" content=\"&#039;Pop Up Gaeltacht&#039; in Regans of Clonboo - Gaeltacht an Eachr\u00e9idh\" \/>\n<meta property=\"og:description\" content=\"A &#8216;Pop Up Gaeltacht&#8217; for Irish speakers will take place at Regans of Clonboo on Thursday, July 3, from 7.30 to 9pm. All are welcome to this informal gathering no [&hellip;]\" \/>\n<meta property=\"og:url\" content=\"https:\/\/gaeltachtaneachreidh.ie\/en\/pop-up-gaeltacht-in-regans\/\" \/>\n<meta property=\"og:site_name\" content=\"Gaeltacht an Eachr\u00e9idh\" \/>\n<meta property=\"article:publisher\" content=\"https:\/\/www.facebook.com\/gaeltachtaneachreidh\" \/>\n<meta property=\"article:published_time\" content=\"2025-06-17T16:01:19+00:00\" \/>\n<meta property=\"article:modified_time\" content=\"2025-06-17T16:04:14+00:00\" \/>\n<meta property=\"og:image\" content=\"https:\/\/gaeltachtaneachreidh.ie\/wp-content\/uploads\/2025\/06\/popupregans1.jpg.jpg\" \/>\n\t<meta property=\"og:image:width\" content=\"753\" \/>\n\t<meta property=\"og:image:height\" content=\"942\" \/>\n\t<meta property=\"og:image:type\" content=\"image\/jpeg\" \/>\n<meta name=\"author\" content=\"c t\" \/>\n<meta name=\"twitter:card\" content=\"summary_large_image\" \/>\n<meta name=\"twitter:creator\" content=\"@AnEachreidh\" \/>\n<meta name=\"twitter:site\" content=\"@AnEachreidh\" \/>\n<meta name=\"twitter:label1\" content=\"Written by\" \/>\n\t<meta name=\"twitter:data1\" content=\"c t\" \/>\n\t<meta name=\"twitter:label2\" content=\"Est. reading time\" \/>\n\t<meta name=\"twitter:data2\" content=\"4 minutes\" \/>\n<script type=\"application\/ld+json\" class=\"yoast-schema-graph\">{\"@context\":\"https:\\\/\\\/schema.org\",\"@graph\":[{\"@type\":\"Article\",\"@id\":\"https:\\\/\\\/gaeltachtaneachreidh.ie\\\/en\\\/pop-up-gaeltacht-in-regans\\\/#article\",\"isPartOf\":{\"@id\":\"https:\\\/\\\/gaeltachtaneachreidh.ie\\\/en\\\/pop-up-gaeltacht-in-regans\\\/\"},\"author\":{\"name\":\"c t\",\"@id\":\"https:\\\/\\\/gaeltachtaneachreidh.ie\\\/#\\\/schema\\\/person\\\/c1bd3579cbdf6961e7b4585a32e8fde3\"},\"headline\":\"&#8216;Pop Up Gaeltacht&#8217; in Regans of Clonboo\",\"datePublished\":\"2025-06-17T16:01:19+00:00\",\"dateModified\":\"2025-06-17T16:04:14+00:00\",\"mainEntityOfPage\":{\"@id\":\"https:\\\/\\\/gaeltachtaneachreidh.ie\\\/en\\\/pop-up-gaeltacht-in-regans\\\/\"},\"wordCount\":418,\"publisher\":{\"@id\":\"https:\\\/\\\/gaeltachtaneachreidh.ie\\\/#organization\"},\"image\":{\"@id\":\"https:\\\/\\\/gaeltachtaneachreidh.ie\\\/en\\\/pop-up-gaeltacht-in-regans\\\/#primaryimage\"},\"thumbnailUrl\":\"https:\\\/\\\/gaeltachtaneachreidh.ie\\\/wp-content\\\/uploads\\\/2025\\\/06\\\/popupregans1.jpg.jpg\",\"keywords\":[\"ciorcal comhra\",\"Clonboo\",\"Gaeltacht an Eachreidh\",\"plean\u00e1il teanga\",\"Regans\"],\"articleSection\":[\"Events\",\"News\"],\"inLanguage\":\"en-US\"},{\"@type\":\"WebPage\",\"@id\":\"https:\\\/\\\/gaeltachtaneachreidh.ie\\\/en\\\/pop-up-gaeltacht-in-regans\\\/\",\"url\":\"https:\\\/\\\/gaeltachtaneachreidh.ie\\\/en\\\/pop-up-gaeltacht-in-regans\\\/\",\"name\":\"'Pop Up Gaeltacht' in Regans of Clonboo - Gaeltacht an Eachr\u00e9idh\",\"isPartOf\":{\"@id\":\"https:\\\/\\\/gaeltachtaneachreidh.ie\\\/#website\"},\"primaryImageOfPage\":{\"@id\":\"https:\\\/\\\/gaeltachtaneachreidh.ie\\\/en\\\/pop-up-gaeltacht-in-regans\\\/#primaryimage\"},\"image\":{\"@id\":\"https:\\\/\\\/gaeltachtaneachreidh.ie\\\/en\\\/pop-up-gaeltacht-in-regans\\\/#primaryimage\"},\"thumbnailUrl\":\"https:\\\/\\\/gaeltachtaneachreidh.ie\\\/wp-content\\\/uploads\\\/2025\\\/06\\\/popupregans1.jpg.jpg\",\"datePublished\":\"2025-06-17T16:01:19+00:00\",\"dateModified\":\"2025-06-17T16:04:14+00:00\",\"breadcrumb\":{\"@id\":\"https:\\\/\\\/gaeltachtaneachreidh.ie\\\/en\\\/pop-up-gaeltacht-in-regans\\\/#breadcrumb\"},\"inLanguage\":\"en-US\",\"potentialAction\":[{\"@type\":\"ReadAction\",\"target\":[\"https:\\\/\\\/gaeltachtaneachreidh.ie\\\/en\\\/pop-up-gaeltacht-in-regans\\\/\"]}]},{\"@type\":\"ImageObject\",\"inLanguage\":\"en-US\",\"@id\":\"https:\\\/\\\/gaeltachtaneachreidh.ie\\\/en\\\/pop-up-gaeltacht-in-regans\\\/#primaryimage\",\"url\":\"https:\\\/\\\/gaeltachtaneachreidh.ie\\\/wp-content\\\/uploads\\\/2025\\\/06\\\/popupregans1.jpg.jpg\",\"contentUrl\":\"https:\\\/\\\/gaeltachtaneachreidh.ie\\\/wp-content\\\/uploads\\\/2025\\\/06\\\/popupregans1.jpg.jpg\",\"width\":753,\"height\":942},{\"@type\":\"BreadcrumbList\",\"@id\":\"https:\\\/\\\/gaeltachtaneachreidh.ie\\\/en\\\/pop-up-gaeltacht-in-regans\\\/#breadcrumb\",\"itemListElement\":[{\"@type\":\"ListItem\",\"position\":1,\"name\":\"Home\",\"item\":\"https:\\\/\\\/gaeltachtaneachreidh.ie\\\/en\\\/\"},{\"@type\":\"ListItem\",\"position\":2,\"name\":\"&#8216;Pop Up Gaeltacht&#8217; in Regans of Clonboo\"}]},{\"@type\":\"WebSite\",\"@id\":\"https:\\\/\\\/gaeltachtaneachreidh.ie\\\/#website\",\"url\":\"https:\\\/\\\/gaeltachtaneachreidh.ie\\\/\",\"name\":\"Gaeltacht U\u00ed Each\u00e9idh\",\"description\":\"Limist\u00e9ar Plean\u00e1la Teanga Gaeltacht an Eachr\u00e9idh\",\"publisher\":{\"@id\":\"https:\\\/\\\/gaeltachtaneachreidh.ie\\\/#organization\"},\"potentialAction\":[{\"@type\":\"SearchAction\",\"target\":{\"@type\":\"EntryPoint\",\"urlTemplate\":\"https:\\\/\\\/gaeltachtaneachreidh.ie\\\/?s={search_term_string}\"},\"query-input\":{\"@type\":\"PropertyValueSpecification\",\"valueRequired\":true,\"valueName\":\"search_term_string\"}}],\"inLanguage\":\"en-US\"},{\"@type\":\"Organization\",\"@id\":\"https:\\\/\\\/gaeltachtaneachreidh.ie\\\/#organization\",\"name\":\"Gaeltacht U\u00ed Each\u00e9idh\",\"url\":\"https:\\\/\\\/gaeltachtaneachreidh.ie\\\/\",\"logo\":{\"@type\":\"ImageObject\",\"inLanguage\":\"en-US\",\"@id\":\"https:\\\/\\\/gaeltachtaneachreidh.ie\\\/#\\\/schema\\\/logo\\\/image\\\/\",\"url\":\"https:\\\/\\\/gaeltachtaneachreidh.ie\\\/wp-content\\\/uploads\\\/2022\\\/12\\\/GaeltachtanEachreidh-logo-retina.png\",\"contentUrl\":\"https:\\\/\\\/gaeltachtaneachreidh.ie\\\/wp-content\\\/uploads\\\/2022\\\/12\\\/GaeltachtanEachreidh-logo-retina.png\",\"width\":718,\"height\":200,\"caption\":\"Gaeltacht U\u00ed Each\u00e9idh\"},\"image\":{\"@id\":\"https:\\\/\\\/gaeltachtaneachreidh.ie\\\/#\\\/schema\\\/logo\\\/image\\\/\"},\"sameAs\":[\"https:\\\/\\\/www.facebook.com\\\/gaeltachtaneachreidh\",\"https:\\\/\\\/x.com\\\/AnEachreidh\",\"https:\\\/\\\/www.instagram.com\\\/gaeltachtaneachreidh\\\/\",\"https:\\\/\\\/www.youtube.com\\\/@GaeltachtanEachridh-f6z\"]},{\"@type\":\"Person\",\"@id\":\"https:\\\/\\\/gaeltachtaneachreidh.ie\\\/#\\\/schema\\\/person\\\/c1bd3579cbdf6961e7b4585a32e8fde3\",\"name\":\"c t\",\"image\":{\"@type\":\"ImageObject\",\"inLanguage\":\"en-US\",\"@id\":\"https:\\\/\\\/secure.gravatar.com\\\/avatar\\\/45587ab269f201f578a52ed70dcf2cf79bbec95a18732f3824f1c97e010357a7?s=96&d=mm&r=g\",\"url\":\"https:\\\/\\\/secure.gravatar.com\\\/avatar\\\/45587ab269f201f578a52ed70dcf2cf79bbec95a18732f3824f1c97e010357a7?s=96&d=mm&r=g\",\"contentUrl\":\"https:\\\/\\\/secure.gravatar.com\\\/avatar\\\/45587ab269f201f578a52ed70dcf2cf79bbec95a18732f3824f1c97e010357a7?s=96&d=mm&r=g\",\"caption\":\"c t\"},\"url\":\"https:\\\/\\\/gaeltachtaneachreidh.ie\\\/en\\\/author\\\/admingae\\\/\"}]}<\/script>\n<!-- \/ Yoast SEO plugin. -->","yoast_head_json":{"title":"'Pop Up Gaeltacht' in Regans of Clonboo - Gaeltacht an Eachr\u00e9idh","robots":{"index":"index","follow":"follow","max-snippet":"max-snippet:-1","max-image-preview":"max-image-preview:large","max-video-preview":"max-video-preview:-1"},"canonical":"https:\/\/gaeltachtaneachreidh.ie\/en\/pop-up-gaeltacht-in-regans\/","og_locale":"en_US","og_type":"article","og_title":"'Pop Up Gaeltacht' in Regans of Clonboo - Gaeltacht an Eachr\u00e9idh","og_description":"A &#8216;Pop Up Gaeltacht&#8217; for Irish speakers will take place at Regans of Clonboo on Thursday, July 3, from 7.30 to 9pm. All are welcome to this informal gathering no [&hellip;]","og_url":"https:\/\/gaeltachtaneachreidh.ie\/en\/pop-up-gaeltacht-in-regans\/","og_site_name":"Gaeltacht an Eachr\u00e9idh","article_publisher":"https:\/\/www.facebook.com\/gaeltachtaneachreidh","article_published_time":"2025-06-17T16:01:19+00:00","article_modified_time":"2025-06-17T16:04:14+00:00","og_image":[{"width":753,"height":942,"url":"https:\/\/gaeltachtaneachreidh.ie\/wp-content\/uploads\/2025\/06\/popupregans1.jpg.jpg","type":"image\/jpeg"}],"author":"c t","twitter_card":"summary_large_image","twitter_creator":"@AnEachreidh","twitter_site":"@AnEachreidh","twitter_misc":{"Written by":"c t","Est. reading time":"4 minutes"},"schema":{"@context":"https:\/\/schema.org","@graph":[{"@type":"Article","@id":"https:\/\/gaeltachtaneachreidh.ie\/en\/pop-up-gaeltacht-in-regans\/#article","isPartOf":{"@id":"https:\/\/gaeltachtaneachreidh.ie\/en\/pop-up-gaeltacht-in-regans\/"},"author":{"name":"c t","@id":"https:\/\/gaeltachtaneachreidh.ie\/#\/schema\/person\/c1bd3579cbdf6961e7b4585a32e8fde3"},"headline":"&#8216;Pop Up Gaeltacht&#8217; in Regans of Clonboo","datePublished":"2025-06-17T16:01:19+00:00","dateModified":"2025-06-17T16:04:14+00:00","mainEntityOfPage":{"@id":"https:\/\/gaeltachtaneachreidh.ie\/en\/pop-up-gaeltacht-in-regans\/"},"wordCount":418,"publisher":{"@id":"https:\/\/gaeltachtaneachreidh.ie\/#organization"},"image":{"@id":"https:\/\/gaeltachtaneachreidh.ie\/en\/pop-up-gaeltacht-in-regans\/#primaryimage"},"thumbnailUrl":"https:\/\/gaeltachtaneachreidh.ie\/wp-content\/uploads\/2025\/06\/popupregans1.jpg.jpg","keywords":["ciorcal comhra","Clonboo","Gaeltacht an Eachreidh","plean\u00e1il teanga","Regans"],"articleSection":["Events","News"],"inLanguage":"en-US"},{"@type":"WebPage","@id":"https:\/\/gaeltachtaneachreidh.ie\/en\/pop-up-gaeltacht-in-regans\/","url":"https:\/\/gaeltachtaneachreidh.ie\/en\/pop-up-gaeltacht-in-regans\/","name":"'Pop Up Gaeltacht' in Regans of Clonboo - Gaeltacht an Eachr\u00e9idh","isPartOf":{"@id":"https:\/\/gaeltachtaneachreidh.ie\/#website"},"primaryImageOfPage":{"@id":"https:\/\/gaeltachtaneachreidh.ie\/en\/pop-up-gaeltacht-in-regans\/#primaryimage"},"image":{"@id":"https:\/\/gaeltachtaneachreidh.ie\/en\/pop-up-gaeltacht-in-regans\/#primaryimage"},"thumbnailUrl":"https:\/\/gaeltachtaneachreidh.ie\/wp-content\/uploads\/2025\/06\/popupregans1.jpg.jpg","datePublished":"2025-06-17T16:01:19+00:00","dateModified":"2025-06-17T16:04:14+00:00","breadcrumb":{"@id":"https:\/\/gaeltachtaneachreidh.ie\/en\/pop-up-gaeltacht-in-regans\/#breadcrumb"},"inLanguage":"en-US","potentialAction":[{"@type":"ReadAction","target":["https:\/\/gaeltachtaneachreidh.ie\/en\/pop-up-gaeltacht-in-regans\/"]}]},{"@type":"ImageObject","inLanguage":"en-US","@id":"https:\/\/gaeltachtaneachreidh.ie\/en\/pop-up-gaeltacht-in-regans\/#primaryimage","url":"https:\/\/gaeltachtaneachreidh.ie\/wp-content\/uploads\/2025\/06\/popupregans1.jpg.jpg","contentUrl":"https:\/\/gaeltachtaneachreidh.ie\/wp-content\/uploads\/2025\/06\/popupregans1.jpg.jpg","width":753,"height":942},{"@type":"BreadcrumbList","@id":"https:\/\/gaeltachtaneachreidh.ie\/en\/pop-up-gaeltacht-in-regans\/#breadcrumb","itemListElement":[{"@type":"ListItem","position":1,"name":"Home","item":"https:\/\/gaeltachtaneachreidh.ie\/en\/"},{"@type":"ListItem","position":2,"name":"&#8216;Pop Up Gaeltacht&#8217; in Regans of Clonboo"}]},{"@type":"WebSite","@id":"https:\/\/gaeltachtaneachreidh.ie\/#website","url":"https:\/\/gaeltachtaneachreidh.ie\/","name":"Gaeltacht U\u00ed Each\u00e9idh","description":"Limist\u00e9ar Plean\u00e1la Teanga Gaeltacht an Eachr\u00e9idh","publisher":{"@id":"https:\/\/gaeltachtaneachreidh.ie\/#organization"},"potentialAction":[{"@type":"SearchAction","target":{"@type":"EntryPoint","urlTemplate":"https:\/\/gaeltachtaneachreidh.ie\/?s={search_term_string}"},"query-input":{"@type":"PropertyValueSpecification","valueRequired":true,"valueName":"search_term_string"}}],"inLanguage":"en-US"},{"@type":"Organization","@id":"https:\/\/gaeltachtaneachreidh.ie\/#organization","name":"Gaeltacht U\u00ed Each\u00e9idh","url":"https:\/\/gaeltachtaneachreidh.ie\/","logo":{"@type":"ImageObject","inLanguage":"en-US","@id":"https:\/\/gaeltachtaneachreidh.ie\/#\/schema\/logo\/image\/","url":"https:\/\/gaeltachtaneachreidh.ie\/wp-content\/uploads\/2022\/12\/GaeltachtanEachreidh-logo-retina.png","contentUrl":"https:\/\/gaeltachtaneachreidh.ie\/wp-content\/uploads\/2022\/12\/GaeltachtanEachreidh-logo-retina.png","width":718,"height":200,"caption":"Gaeltacht U\u00ed Each\u00e9idh"},"image":{"@id":"https:\/\/gaeltachtaneachreidh.ie\/#\/schema\/logo\/image\/"},"sameAs":["https:\/\/www.facebook.com\/gaeltachtaneachreidh","https:\/\/x.com\/AnEachreidh","https:\/\/www.instagram.com\/gaeltachtaneachreidh\/","https:\/\/www.youtube.com\/@GaeltachtanEachridh-f6z"]},{"@type":"Person","@id":"https:\/\/gaeltachtaneachreidh.ie\/#\/schema\/person\/c1bd3579cbdf6961e7b4585a32e8fde3","name":"c t","image":{"@type":"ImageObject","inLanguage":"en-US","@id":"https:\/\/secure.gravatar.com\/avatar\/45587ab269f201f578a52ed70dcf2cf79bbec95a18732f3824f1c97e010357a7?s=96&d=mm&r=g","url":"https:\/\/secure.gravatar.com\/avatar\/45587ab269f201f578a52ed70dcf2cf79bbec95a18732f3824f1c97e010357a7?s=96&d=mm&r=g","contentUrl":"https:\/\/secure.gravatar.com\/avatar\/45587ab269f201f578a52ed70dcf2cf79bbec95a18732f3824f1c97e010357a7?s=96&d=mm&r=g","caption":"c t"},"url":"https:\/\/gaeltachtaneachreidh.ie\/en\/author\/admingae\/"}]}},"_links":{"self":[{"href":"https:\/\/gaeltachtaneachreidh.ie\/en\/wp-json\/wp\/v2\/posts\/1728","targetHints":{"allow":["GET"]}}],"collection":[{"href":"https:\/\/gaeltachtaneachreidh.ie\/en\/wp-json\/wp\/v2\/posts"}],"about":[{"href":"https:\/\/gaeltachtaneachreidh.ie\/en\/wp-json\/wp\/v2\/types\/post"}],"author":[{"embeddable":true,"href":"https:\/\/gaeltachtaneachreidh.ie\/en\/wp-json\/wp\/v2\/users\/3"}],"replies":[{"embeddable":true,"href":"https:\/\/gaeltachtaneachreidh.ie\/en\/wp-json\/wp\/v2\/comments?post=1728"}],"version-history":[{"count":3,"href":"https:\/\/gaeltachtaneachreidh.ie\/en\/wp-json\/wp\/v2\/posts\/1728\/revisions"}],"predecessor-version":[{"id":1730,"href":"https:\/\/gaeltachtaneachreidh.ie\/en\/wp-json\/wp\/v2\/posts\/1728\/revisions\/1730"}],"wp:featuredmedia":[{"embeddable":true,"href":"https:\/\/gaeltachtaneachreidh.ie\/en\/wp-json\/wp\/v2\/media\/1726"}],"wp:attachment":[{"href":"https:\/\/gaeltachtaneachreidh.ie\/en\/wp-json\/wp\/v2\/media?parent=1728"}],"wp:term":[{"taxonomy":"category","embeddable":true,"href":"https:\/\/gaeltachtaneachreidh.ie\/en\/wp-json\/wp\/v2\/categories?post=1728"},{"taxonomy":"post_tag","embeddable":true,"href":"https:\/\/gaeltachtaneachreidh.ie\/en\/wp-json\/wp\/v2\/tags?post=1728"}],"curies":[{"name":"wp","href":"https:\/\/api.w.org\/{rel}","templated":true}]}}